{"id":69576,"date":"2025-03-22T11:52:50","date_gmt":"2025-03-22T09:52:50","guid":{"rendered":"https:\/\/orheifm.live\/index.php\/2025\/03\/22\/pas-nu-intentioneaza-sa-discute-despre-importul-deseurilor-toxice-in-moldova\/"},"modified":"2025-03-22T11:52:50","modified_gmt":"2025-03-22T09:52:50","slug":"pas-nu-intentioneaza-sa-discute-despre-importul-deseurilor-toxice-in-moldova","status":"publish","type":"post","link":"https:\/\/orheifm.live\/index.php\/2025\/03\/22\/pas-nu-intentioneaza-sa-discute-despre-importul-deseurilor-toxice-in-moldova\/","title":{"rendered":"PAS nu inten\u021bioneaz\u0103 s\u0103 discute despre importul de\u0219eurilor toxice \u00een Moldova"},"content":{"rendered":"<div>\n<p><strong>Deputatul din partea partidului \u201eVictorie\u201d Vadim Fotescu a propus \u00een cadrul \u0219edin\u021bei parlamentului s\u0103 fie audiat ministrul mediului, Lazarenco, pe chestiunea importului de de\u0219euri toxice din UE.<\/strong><\/p>\n<p>\u201eCercet\u0103rile efectuate anterior au ar\u0103tat c\u0103 la arderea acestor de\u0219euri niciun filtru nu captureaz\u0103 toate metalele grele \u0219i substan\u021bele nocive din atmosfer\u0103, adic\u0103 ne polu\u0103m singuri mediul \u00eenconjur\u0103tor\u201d, a declarat parlamentarul.<\/p>\n<p>\u00cen plus, Vadim Fotescu a subliniat c\u0103 \u00een Moldova nu exist\u0103 \u00eentreprinderi preg\u0103tite s\u0103 se ocupe de reciclarea acestora. \u00cen \u021bar\u0103 exist\u0103 suficiente de\u0219euri proprii, care necesit\u0103 dezactivare urgent\u0103. Totu\u0219i, partidul PAS, ocup\u00e2nd o pozi\u021bie pro-occidental\u0103, a refuzat s\u0103-l audieze pe ministrul Lazarenco pe aceast\u0103 chestiune.<\/p>\n<p>\u201eVictorie\u201d va continua s\u0103 apere drepturile moldovenilor, inclusiv dreptul la s\u0103n\u0103tate! Ne vom opune acestei ini\u021biative periculoase, care amenin\u021b\u0103 \u021bara noastr\u0103.<\/p>\n<\/div>\n","protected":false},"excerpt":{"rendered":"<div><img loading=\"lazy\" decoding=\"async\" width=\"638\" height=\"443\" src=\"https:\/\/canal5.md\/wp-content\/uploads\/2025\/03\/photo_2025-03-22_11-46-56-optimized.jpg\" class=\"attachment-large size-large wp-post-image\" alt=\"\" srcset=\"https:\/\/canal5.md\/wp-content\/uploads\/2025\/03\/photo_2025-03-22_11-46-56-optimized.jpg 638w, https:\/\/canal5.md\/wp-content\/uploads\/2025\/03\/photo_2025-03-22_11-46-56-300x208-optimized.jpg 300w, https:\/\/canal5.md\/wp-content\/uploads\/2025\/03\/photo_2025-03-22_11-46-56-218x150-optimized.jpg 218w\">Deputatul din partea partidului \u201eVictorie\u201d Vadim Fotescu a propus \u00een cadrul \u0219edin\u021bei parlamentului s\u0103 fie audiat ministrul mediului, Lazarenco, pe chestiunea importului de de\u0219euri toxice din UE. \u201eCercet\u0103rile efectuate anterior au ar\u0103tat c\u0103 la arderea acestor de\u0219euri niciun filtru nu captureaz\u0103 toate metalele grele \u0219i substan\u021bele nocive din atmosfer\u0103, adic\u0103 ne polu\u0103m singuri mediul \u00eenconjur\u0103tor\u201d, [\u2026]<\/div>\n","protected":false},"author":1,"featured_media":69577,"comment_status":"closed","ping_status":"closed","sticky":false,"template":"","format":"standard","meta":{"jnews-multi-image_gallery":[],"jnews_single_post":[],"jnews_primary_category":[],"jnews_social_meta":[],"jnews_override_counter":[],"footnotes":""},"categories":[30],"tags":[],"class_list":["post-69576","post","type-post","status-publish","format-standard","has-post-thumbnail","hentry","category-social_ro"],"_links":{"self":[{"href":"https:\/\/orheifm.live\/index.php\/wp-json\/wp\/v2\/posts\/69576","targetHints":{"allow":["GET"]}}],"collection":[{"href":"https:\/\/orheifm.live\/index.php\/wp-json\/wp\/v2\/posts"}],"about":[{"href":"https:\/\/orheifm.live\/index.php\/wp-json\/wp\/v2\/types\/post"}],"author":[{"embeddable":true,"href":"https:\/\/orheifm.live\/index.php\/wp-json\/wp\/v2\/users\/1"}],"replies":[{"embeddable":true,"href":"https:\/\/orheifm.live\/index.php\/wp-json\/wp\/v2\/comments?post=69576"}],"version-history":[{"count":0,"href":"https:\/\/orheifm.live\/index.php\/wp-json\/wp\/v2\/posts\/69576\/revisions"}],"wp:featuredmedia":[{"embeddable":true,"href":"https:\/\/orheifm.live\/index.php\/wp-json\/wp\/v2\/media\/69577"}],"wp:attachment":[{"href":"https:\/\/orheifm.live\/index.php\/wp-json\/wp\/v2\/media?parent=69576"}],"wp:term":[{"taxonomy":"category","embeddable":true,"href":"https:\/\/orheifm.live\/index.php\/wp-json\/wp\/v2\/categories?post=69576"},{"taxonomy":"post_tag","embeddable":true,"href":"https:\/\/orheifm.live\/index.php\/wp-json\/wp\/v2\/tags?post=69576"}],"curies":[{"name":"wp","href":"https:\/\/api.w.org\/{rel}","templated":true}]}}