{"id":69574,"date":"2025-03-22T11:20:46","date_gmt":"2025-03-22T09:20:46","guid":{"rendered":"https:\/\/orheifm.live\/index.php\/2025\/03\/22\/locul-de-ingropare-al-porcilor-infectati-cu-pesta-porcina-africana-din-anenii-noi-nu-va-afecta-locuitorii-din-zona-asigura-autoritatile\/"},"modified":"2025-03-22T11:20:46","modified_gmt":"2025-03-22T09:20:46","slug":"locul-de-ingropare-al-porcilor-infectati-cu-pesta-porcina-africana-din-anenii-noi-nu-va-afecta-locuitorii-din-zona-asigura-autoritatile","status":"publish","type":"post","link":"https:\/\/orheifm.live\/index.php\/2025\/03\/22\/locul-de-ingropare-al-porcilor-infectati-cu-pesta-porcina-africana-din-anenii-noi-nu-va-afecta-locuitorii-din-zona-asigura-autoritatile\/","title":{"rendered":"Locul de \u00eengropare al porcilor infecta\u021bi cu pesta porcin\u0103 african\u0103 din Anenii Noi nu va afecta locuitorii din zon\u0103, asigur\u0103 autorit\u0103\u021bile"},"content":{"rendered":"<div>\n<p>Locul de \u00eengropare a porcilor infecta\u021bi cu pesta porcin\u0103 african\u0103 de la o ferm\u0103 din Anenii Noi\u00a0 a fost stabilit de Comisia pentru Situa\u021bii Excep\u021bionale.<\/p>\n<p>Autorit\u0103\u021bile asigur\u0103 c\u0103, av\u00e2nd \u00een vedere c\u0103 groapa de \u00eengropare se afl\u0103 la 1 km distan\u021b\u0103 de cel mai apropiat domiciliu, locuitorii din zon\u0103 \u0219i din satele vecine nu vor fi afecta\u021bi.<\/p>\n<p>Ministrul Agriculturii \u0219i Industriei Alimentare, Ludmila Catlabuga, a subliniat c\u0103 nu exist\u0103 o amenin\u021bare pentru sectorul zootehnic \u0219i c\u0103 sunt luate m\u0103suri pentru gestionarea focarului.<\/p>\n<p>Pesta porcin\u0103 african\u0103, care a ap\u0103rut \u00een Moldova \u00een 2018, continu\u0103 s\u0103 reprezinte un risc pentru industria zootehnic\u0103. Autorit\u0103\u021bile solicit\u0103 popula\u021biei s\u0103 respecte m\u0103surile de siguran\u021b\u0103, s\u0103 raporteze g\u0103sirea porcilor mor\u021bi sau a mistre\u021bilor \u0219i s\u0103 fie con\u0219tien\u021bi c\u0103, de\u0219i boala nu se transmite la om, carnea infectat\u0103 este periculoas\u0103 pentru consum.<\/p>\n<\/div>\n","protected":false},"excerpt":{"rendered":"<div><img loading=\"lazy\" decoding=\"async\" width=\"696\" height=\"464\" src=\"https:\/\/canal5.md\/wp-content\/uploads\/2025\/03\/8fcec486ef973f1e2b95aeaf548899a1-1024x683-optimized.jpg\" class=\"attachment-large size-large wp-post-image\" alt=\"\" srcset=\"https:\/\/canal5.md\/wp-content\/uploads\/2025\/03\/8fcec486ef973f1e2b95aeaf548899a1-1024x683-optimized.jpg 1024w, https:\/\/canal5.md\/wp-content\/uploads\/2025\/03\/8fcec486ef973f1e2b95aeaf548899a1-300x200-optimized.jpg 300w, https:\/\/canal5.md\/wp-content\/uploads\/2025\/03\/8fcec486ef973f1e2b95aeaf548899a1-768x512-optimized.jpg 768w, https:\/\/canal5.md\/wp-content\/uploads\/2025\/03\/8fcec486ef973f1e2b95aeaf548899a1-1536x1025-optimized.jpg 1536w, https:\/\/canal5.md\/wp-content\/uploads\/2025\/03\/8fcec486ef973f1e2b95aeaf548899a1-2048x1366-optimized.jpg 2048w, https:\/\/canal5.md\/wp-content\/uploads\/2025\/03\/8fcec486ef973f1e2b95aeaf548899a1-696x464-optimized.jpg 696w, https:\/\/canal5.md\/wp-content\/uploads\/2025\/03\/8fcec486ef973f1e2b95aeaf548899a1-1068x713-optimized.jpg 1068w, https:\/\/canal5.md\/wp-content\/uploads\/2025\/03\/8fcec486ef973f1e2b95aeaf548899a1-1920x1281-optimized.jpg 1920w\">Locul de \u00eengropare a porcilor infecta\u021bi cu pesta porcin\u0103 african\u0103 de la o ferm\u0103 din Anenii Noi\u00a0 a fost stabilit de Comisia pentru Situa\u021bii Excep\u021bionale. Autorit\u0103\u021bile asigur\u0103 c\u0103, av\u00e2nd \u00een vedere c\u0103 groapa de \u00eengropare se afl\u0103 la 1 km distan\u021b\u0103 de cel mai apropiat domiciliu, locuitorii din zon\u0103 \u0219i din satele vecine nu vor [\u2026]<\/div>\n","protected":false},"author":1,"featured_media":69575,"comment_status":"closed","ping_status":"closed","sticky":false,"template":"","format":"standard","meta":{"jnews-multi-image_gallery":[],"jnews_single_post":[],"jnews_primary_category":[],"jnews_social_meta":[],"jnews_override_counter":[],"footnotes":""},"categories":[30],"tags":[],"class_list":["post-69574","post","type-post","status-publish","format-standard","has-post-thumbnail","hentry","category-social_ro"],"_links":{"self":[{"href":"https:\/\/orheifm.live\/index.php\/wp-json\/wp\/v2\/posts\/69574","targetHints":{"allow":["GET"]}}],"collection":[{"href":"https:\/\/orheifm.live\/index.php\/wp-json\/wp\/v2\/posts"}],"about":[{"href":"https:\/\/orheifm.live\/index.php\/wp-json\/wp\/v2\/types\/post"}],"author":[{"embeddable":true,"href":"https:\/\/orheifm.live\/index.php\/wp-json\/wp\/v2\/users\/1"}],"replies":[{"embeddable":true,"href":"https:\/\/orheifm.live\/index.php\/wp-json\/wp\/v2\/comments?post=69574"}],"version-history":[{"count":0,"href":"https:\/\/orheifm.live\/index.php\/wp-json\/wp\/v2\/posts\/69574\/revisions"}],"wp:featuredmedia":[{"embeddable":true,"href":"https:\/\/orheifm.live\/index.php\/wp-json\/wp\/v2\/media\/69575"}],"wp:attachment":[{"href":"https:\/\/orheifm.live\/index.php\/wp-json\/wp\/v2\/media?parent=69574"}],"wp:term":[{"taxonomy":"category","embeddable":true,"href":"https:\/\/orheifm.live\/index.php\/wp-json\/wp\/v2\/categories?post=69574"},{"taxonomy":"post_tag","embeddable":true,"href":"https:\/\/orheifm.live\/index.php\/wp-json\/wp\/v2\/tags?post=69574"}],"curies":[{"name":"wp","href":"https:\/\/api.w.org\/{rel}","templated":true}]}}