{"id":69570,"date":"2025-03-22T10:20:04","date_gmt":"2025-03-22T08:20:04","guid":{"rendered":"https:\/\/orheifm.live\/index.php\/2025\/03\/22\/crestinii-ortodocsi-de-stil-vechi-sarbatoresc-sfintii-40-de-mucenici\/"},"modified":"2025-03-22T10:20:04","modified_gmt":"2025-03-22T08:20:04","slug":"crestinii-ortodocsi-de-stil-vechi-sarbatoresc-sfintii-40-de-mucenici","status":"publish","type":"post","link":"https:\/\/orheifm.live\/index.php\/2025\/03\/22\/crestinii-ortodocsi-de-stil-vechi-sarbatoresc-sfintii-40-de-mucenici\/","title":{"rendered":"Cre\u015ftinii ortodoc\u015fi de stil vechi s\u0103rb\u0103toresc Sfin\u021bii 40 de Mucenici"},"content":{"rendered":"<div>\n<p><strong>Cre\u0219tinii ortodoc\u0219i s\u0103rb\u0103toresc, ast\u0103zi, Sfin\u021bii 40 de Mucenici din Sevastia. Este una dintre cele mai importante s\u0103rb\u0103tori din calendarului cre\u0219tin ortodox.<\/strong><\/p>\n<p>\u00cen aceast\u0103 zi sunt s\u0103rb\u0103tori\u021bi cei 40 de Sfin\u021bi Mucenici din Sevastia, numi\u0163i \u00een tradi\u0163ia popular\u0103 Mucenicii sau M\u0103cinicii, transmite\u00a0<a href=\"https:\/\/stiri.md\/article\/social\/crestinii-ortodocsi-de-stil-vechi-sarbatoresc-sfintii-40-de-mucenici-3\/\"><b>\u0218tiri.md<\/b>.<\/a><\/p>\n<p><strong>Cine au fost cei 40 de Sfin\u021bi<\/strong><\/p>\n<p>\u0421ei 40 de Sfin\u021bi Mucenici au fost solda\u0163i cre\u015ftini \u015fi au tr\u0103it pe timpurile \u00eemp\u0103ratului Licinius. Ei au fost uci\u0219i la marginea ora\u0219ului Sevastia din provincia Armenia Inferior (actualul ora\u0219 Sivas din Turcia) din ordinul \u00eemp\u0103ratului, care, dup\u0103 anul 316, i-a persecutat pe cre\u0219tinii din regiunile orientale ale imperiului.<\/p>\n<p>S\u0103rb\u0103toarea cre\u0219tin\u0103 a Sfin\u021bilor 40 de Mucenici din Sevastia se suprapune cu \u00eenceperea Anului Agricol Tradi\u021bional \u015fi astfel s-a format o s\u0103rb\u0103toare tradi\u021bional\u0103 rom\u00e2neasc\u0103: Mucenicii sau M\u0103cinicii.<\/p>\n<p><strong>Tradi\u021bii \u0219i supersti\u021bii<\/strong><\/p>\n<p>\u00cen ziua mucenicilor, \u00een credin\u021ba popular\u0103, se deschid mormintele \u0219i por\u021bile Raiului, iar gospodinele fac, \u00een cinstea Sfin\u021bilor Mucenici, 40 de colaci numi\u021bi \u201emucenici\u201d sau \u201esfin\u021bi\u0219ori\u201d.<\/p>\n<p>Uneori, mai ales s\u0103racilor, pe l\u00e2ng\u0103 col\u0103cei, li se d\u0103dea de poman\u0103 \u0219i b\u0103utur\u0103. Alteori, oamenii ie\u0219eau \u00een vii \u0219i livezi pentru a bea 40. C\u00e2te pu\u021bin din fiecare p\u0103h\u0103rel era v\u0103rsat la r\u0103d\u0103cina viilor \u0219i pomilor spre a rodi. Cei care nu puteau bea at\u00e2ta trebuiau m\u0103car s\u0103 guste de 40 de ori dintr-un p\u0103h\u0103rel. Se credea c\u0103, f\u0103c\u00e2nd astfel, se ad\u0103uga tot at\u00e2ta s\u00e2nge peste an, \u00een acest mod fiind ajuta\u021bi \u0219i Mucenicii s\u0103 prind\u0103 curaj \u0219i s\u0103 sparg\u0103 ghea\u021ba iernii.<\/p>\n<\/div>\n","protected":false},"excerpt":{"rendered":"<div><img loading=\"lazy\" decoding=\"async\" width=\"696\" height=\"392\" src=\"https:\/\/canal5.md\/wp-content\/uploads\/2025\/03\/0194e381f8296ccb48fb08a2957803a5-optimized.jpg\" class=\"attachment-large size-large wp-post-image\" alt=\"\" srcset=\"https:\/\/canal5.md\/wp-content\/uploads\/2025\/03\/0194e381f8296ccb48fb08a2957803a5-optimized.jpg 809w, https:\/\/canal5.md\/wp-content\/uploads\/2025\/03\/0194e381f8296ccb48fb08a2957803a5-300x169-optimized.jpg 300w, https:\/\/canal5.md\/wp-content\/uploads\/2025\/03\/0194e381f8296ccb48fb08a2957803a5-768x433-optimized.jpg 768w, https:\/\/canal5.md\/wp-content\/uploads\/2025\/03\/0194e381f8296ccb48fb08a2957803a5-696x392-optimized.jpg 696w\">Cre\u0219tinii ortodoc\u0219i s\u0103rb\u0103toresc, ast\u0103zi, Sfin\u021bii 40 de Mucenici din Sevastia. Este una dintre cele mai importante s\u0103rb\u0103tori din calendarului cre\u0219tin ortodox. \u00cen aceast\u0103 zi sunt s\u0103rb\u0103tori\u021bi cei 40 de Sfin\u021bi Mucenici din Sevastia, numi\u0163i \u00een tradi\u0163ia popular\u0103 Mucenicii sau M\u0103cinicii, transmite\u00a0\u0218tiri.md. Cine au fost cei 40 de Sfin\u021bi \u0421ei 40 de Sfin\u021bi Mucenici au fost [\u2026]<\/div>\n","protected":false},"author":1,"featured_media":69571,"comment_status":"closed","ping_status":"closed","sticky":false,"template":"","format":"standard","meta":{"jnews-multi-image_gallery":[],"jnews_single_post":[],"jnews_primary_category":[],"jnews_social_meta":[],"jnews_override_counter":[],"footnotes":""},"categories":[30],"tags":[],"class_list":["post-69570","post","type-post","status-publish","format-standard","has-post-thumbnail","hentry","category-social_ro"],"_links":{"self":[{"href":"https:\/\/orheifm.live\/index.php\/wp-json\/wp\/v2\/posts\/69570","targetHints":{"allow":["GET"]}}],"collection":[{"href":"https:\/\/orheifm.live\/index.php\/wp-json\/wp\/v2\/posts"}],"about":[{"href":"https:\/\/orheifm.live\/index.php\/wp-json\/wp\/v2\/types\/post"}],"author":[{"embeddable":true,"href":"https:\/\/orheifm.live\/index.php\/wp-json\/wp\/v2\/users\/1"}],"replies":[{"embeddable":true,"href":"https:\/\/orheifm.live\/index.php\/wp-json\/wp\/v2\/comments?post=69570"}],"version-history":[{"count":0,"href":"https:\/\/orheifm.live\/index.php\/wp-json\/wp\/v2\/posts\/69570\/revisions"}],"wp:featuredmedia":[{"embeddable":true,"href":"https:\/\/orheifm.live\/index.php\/wp-json\/wp\/v2\/media\/69571"}],"wp:attachment":[{"href":"https:\/\/orheifm.live\/index.php\/wp-json\/wp\/v2\/media?parent=69570"}],"wp:term":[{"taxonomy":"category","embeddable":true,"href":"https:\/\/orheifm.live\/index.php\/wp-json\/wp\/v2\/categories?post=69570"},{"taxonomy":"post_tag","embeddable":true,"href":"https:\/\/orheifm.live\/index.php\/wp-json\/wp\/v2\/tags?post=69570"}],"curies":[{"name":"wp","href":"https:\/\/api.w.org\/{rel}","templated":true}]}}