{"id":69568,"date":"2025-03-22T09:52:18","date_gmt":"2025-03-22T07:52:18","guid":{"rendered":"https:\/\/orheifm.live\/index.php\/2025\/03\/22\/prognoza-meteo-pentru-22-martie\/"},"modified":"2025-03-22T09:52:18","modified_gmt":"2025-03-22T07:52:18","slug":"prognoza-meteo-pentru-22-martie","status":"publish","type":"post","link":"https:\/\/orheifm.live\/index.php\/2025\/03\/22\/prognoza-meteo-pentru-22-martie\/","title":{"rendered":"Prognoza meteo pentru 22 martie"},"content":{"rendered":"<div>\n<p><strong>Prim\u0103vara revine: meteorologii prognozeaz\u0103 \u00eenc\u0103lzire.<\/strong><\/p>\n<p>Se a\u0219teapt\u0103 cer variabil \u0219i f\u0103r\u0103 precipita\u021bii.<\/p>\n<p>Ziua, \u00een sudul \u021b\u0103rii, temperatura aerului va fi de +16\u2026+18 \u00b0C.<\/p>\n<p>\u00cen centru se vor \u00eenregistra +14\u2026+16 \u00b0C, iar \u00een nord termometrele vor indica +11\u2026+13 \u00b0C.<\/p>\n<\/div>\n","protected":false},"excerpt":{"rendered":"<div><img loading=\"lazy\" decoding=\"async\" width=\"696\" height=\"458\" src=\"https:\/\/canal5.md\/wp-content\/uploads\/2025\/03\/804804-optimized.webp\" class=\"attachment-large size-large wp-post-image\" alt=\"\" srcset=\"https:\/\/canal5.md\/wp-content\/uploads\/2025\/03\/804804-optimized.webp 760w, https:\/\/canal5.md\/wp-content\/uploads\/2025\/03\/804804-300x197-optimized.webp 300w, https:\/\/canal5.md\/wp-content\/uploads\/2025\/03\/804804-696x458-optimized.webp 696w\">Prim\u0103vara revine: meteorologii prognozeaz\u0103 \u00eenc\u0103lzire. Se a\u0219teapt\u0103 cer variabil \u0219i f\u0103r\u0103 precipita\u021bii. Ziua, \u00een sudul \u021b\u0103rii, temperatura aerului va fi de +16\u2026+18 \u00b0C. \u00cen centru se vor \u00eenregistra +14\u2026+16 \u00b0C, iar \u00een nord termometrele vor indica +11\u2026+13 \u00b0C.<\/div>\n","protected":false},"author":1,"featured_media":69569,"comment_status":"closed","ping_status":"closed","sticky":false,"template":"","format":"standard","meta":{"jnews-multi-image_gallery":[],"jnews_single_post":[],"jnews_primary_category":[],"jnews_social_meta":[],"jnews_override_counter":[],"footnotes":""},"categories":[30],"tags":[],"class_list":["post-69568","post","type-post","status-publish","format-standard","has-post-thumbnail","hentry","category-social_ro"],"_links":{"self":[{"href":"https:\/\/orheifm.live\/index.php\/wp-json\/wp\/v2\/posts\/69568","targetHints":{"allow":["GET"]}}],"collection":[{"href":"https:\/\/orheifm.live\/index.php\/wp-json\/wp\/v2\/posts"}],"about":[{"href":"https:\/\/orheifm.live\/index.php\/wp-json\/wp\/v2\/types\/post"}],"author":[{"embeddable":true,"href":"https:\/\/orheifm.live\/index.php\/wp-json\/wp\/v2\/users\/1"}],"replies":[{"embeddable":true,"href":"https:\/\/orheifm.live\/index.php\/wp-json\/wp\/v2\/comments?post=69568"}],"version-history":[{"count":0,"href":"https:\/\/orheifm.live\/index.php\/wp-json\/wp\/v2\/posts\/69568\/revisions"}],"wp:featuredmedia":[{"embeddable":true,"href":"https:\/\/orheifm.live\/index.php\/wp-json\/wp\/v2\/media\/69569"}],"wp:attachment":[{"href":"https:\/\/orheifm.live\/index.php\/wp-json\/wp\/v2\/media?parent=69568"}],"wp:term":[{"taxonomy":"category","embeddable":true,"href":"https:\/\/orheifm.live\/index.php\/wp-json\/wp\/v2\/categories?post=69568"},{"taxonomy":"post_tag","embeddable":true,"href":"https:\/\/orheifm.live\/index.php\/wp-json\/wp\/v2\/tags?post=69568"}],"curies":[{"name":"wp","href":"https:\/\/api.w.org\/{rel}","templated":true}]}}