{"id":69566,"date":"2025-03-22T00:25:49","date_gmt":"2025-03-21T22:25:49","guid":{"rendered":"https:\/\/orheifm.live\/index.php\/2025\/03\/22\/noaptea-democratiei-in-turcia-sute-de-mii-de-oameni-protesteaza-impotriva-regimului-erdogan-violente-la-istanbul-si-izmir\/"},"modified":"2025-03-22T00:25:49","modified_gmt":"2025-03-21T22:25:49","slug":"noaptea-democratiei-in-turcia-sute-de-mii-de-oameni-protesteaza-impotriva-regimului-erdogan-violente-la-istanbul-si-izmir","status":"publish","type":"post","link":"https:\/\/orheifm.live\/index.php\/2025\/03\/22\/noaptea-democratiei-in-turcia-sute-de-mii-de-oameni-protesteaza-impotriva-regimului-erdogan-violente-la-istanbul-si-izmir\/","title":{"rendered":"\u201eNoaptea democra\u021biei\u201d \u00een Turcia: Sute de mii de oameni protesteaz\u0103 \u00eempotriva regimului Erdogan. Violen\u021be la Istanbul \u0219i Izmir"},"content":{"rendered":"<div>\n<p><strong>\u041epozi\u0163ia turc\u0103 a convocat vineri sear\u0103 o \u201enoapte a democra\u0163iei\u201d, f\u0103c\u00e2nd apel la o mare demonstra\u0163ie pentru a denun\u0163a arestarea primarului Istanbulului, Ekrem Imamoglu, \u00een pofida avertismentului pre\u015fedintelui Recep Tayyip Erdogan care a promis c\u0103 nu va ceda \u00een fa\u0163a \u201eterorii str\u0103zii\u201d.<\/strong><\/p>\n<p>\u00cen a treia zi de manifesta\u0163ii, protestatarii au \u00eenceput s\u0103 se \u00eendrepte c\u0103tre prim\u0103ria din Istanbul la apelul Partidului Republican la Poporului (CHP), prima for\u0163\u0103 de opozi\u0163ie \u015fi forma\u0163iunea din care face parte Imamoglu, informeaz\u0103 Agerpres. Manifestan\u0163ii poart\u0103 pancarte cu mesaje precum \u2018Nu v\u0103 fie fric\u0103, poporul este aici\u2019 \u015fi \u2018Drept, lege, justi\u0163ie\u2019.<\/p>\n<p>ncidente au izbucnit vineri seara la Istanbul \u015fi Izmir (vest) \u00eentre manifestan\u0163i \u015fi poli\u0163i\u015fti \u00een cursul mitingurilor convocate de opozi\u0163ie \u00een sprijinul primarului Istanbulului. La Istanbul, poli\u0163ia a folosit gloan\u0163e de cauciuc, iar \u00een Izmir, al treilea ora\u015f al \u0163\u0103rii, for\u0163ele de ordine au recurs la tunuri cu ap\u0103, potrivit imaginilor difuzate de televiziuni locale.<\/p>\n<p>Liderul principalului partid al opozi\u0163iei turce, Partidul Republican al Poporului (CHP), Ozgur Ozel, a declarat c\u0103 300.000 de manifestan\u0163i s-au adunat vineri seara la Istanbul \u00een sprijinul primarului ora\u015fului Ekrem Imamoglu, arestat miercuri pentru \u201ecorup\u0163ie\u201d \u015fi \u201eterorism\u201d.<\/p>\n<p>\u00cen Eski\u0219ehir au ie\u0219it \u00een strad\u0103 \u00een jur de zece mii de oameni, iar unul dintre tinerii care au participat la protest a declarat \u00een exclusivitate pentru Digi24 c\u0103 erau prezen\u021bi \u00een jur de 500 de jandarmi \u0219i for\u021be de ordine. \u201eMotivul pentru care am participat la proteste este c\u0103 primarul Istanbulului, unul dintre cele mai mari ora\u0219e din Europa \u0219i chiar din lume, a fost aruncat \u00een \u00eenchisoare \u00eentr-un mod care nu este \u00een conformitate cu justi\u021bia\u201d, a declarat Ahmet pentru Digi24.<\/p>\n<p>Acuzat de \u2018corup\u0163ie\u2019 \u015fi \u2018terorism\u2019, primarul Ekrem Imamoglu ar urma s\u0103 fie desemnat oficial duminic\u0103 \u00een func\u0163ia de candidat al CHP la alegerile preziden\u0163iale. Liderul CHP, Ozgur Ozel, le-a cerut turcilor s\u0103 ias\u0103 pe str\u0103zi la ora local\u0103 20:30 (17:30 GMT), dup\u0103 iftar (masa luat\u0103 \u00een fiecare sear\u0103 de c\u0103tre musulmani dup\u0103 apusul soarelui \u00een timpul Ramadanului), \u201e\u00een 81 de provincii \u015fi 973 de districte\u201d ale \u0163\u0103rii, \u00een pofida avertismentelor lansate de autorit\u0103\u0163i. Dou\u0103 poduri \u015fi mai multe bulevarde mari ce permiteau accesul c\u0103tre prim\u0103ria metropolei turce au fost \u00eenchise circula\u0163iei vineri pentru 24 de ore. Apeluri la manifesta\u0163ii au fost lansate \u00een peste 45 de ora\u015fe din Turcia, printre care Izmir \u015fi capitala Ankara, o mi\u015fcare de contestare popular\u0103 inedit\u0103 dup\u0103 revolta din 2013 din Istanbul.<\/p>\n<p>Ministrul turc al justi\u0163iei, Yilmaz Tun\u00e7, a calificat drept \u201eilegale \u015fi inacceptabile\u201d apelurile repetate ale opozi\u0163iei la manifesta\u0163ii. La Istanbul, situa\u0163ia s-a tensionat de joi sear\u0103 \u015fi poli\u0163ia a f\u0103cut uz de gaze lacrimogene \u015fi gloan\u0163e de cauciuc pentru a bloca manifestan\u0163ii care se \u00eendreptau c\u0103tre pia\u0163a Taksim, loc emblematic pentru mi\u015fc\u0103rile de contestare din ultimii ani.<\/p>\n<p>Poli\u0163ia a folosit tunuri cu ap\u0103 \u015fi gloan\u0163e de cauciuc la Ankara joi \u015fi apoi din nou vineri, pentru a dispersa studen\u0163ii care demonstrau. Au fost arestate 53 de persoane, iar 16 poli\u0163i\u015fti au fost r\u0103ni\u0163i \u00een timpul ciocnirilor cu demonstran\u0163ii. Potrivit media turce, audierea lui Ekrem Imamoglu s-a \u00eencheiat vineri dup\u0103-amiaz\u0103. Seara oamenii au ie\u0219it din nou \u00een strad\u0103.<\/p>\n<p><a href=\"https:\/\/www.digi24.ro\/stiri\/externe\/mapamond\/noaptea-democratiei-in-turcia-sute-de-mii-de-oameni-protesteaza-impotriva-regimului-erdogan-violente-la-istanbul-si-izmir-3167725\"><strong>digi24.ro<\/strong><\/a><\/p>\n<\/div>\n","protected":false},"excerpt":{"rendered":"<div><img loading=\"lazy\" decoding=\"async\" width=\"696\" height=\"393\" src=\"https:\/\/canal5.md\/wp-content\/uploads\/2025\/03\/ptq0mczoyxnopwjjywi4mgmxzteyoge0zdk2ngq5zgfkntljntc4njg3.thumb_-optimized.jpg\" class=\"attachment-large size-large wp-post-image\" alt=\"\" srcset=\"https:\/\/canal5.md\/wp-content\/uploads\/2025\/03\/ptq0mczoyxnopwjjywi4mgmxzteyoge0zdk2ngq5zgfkntljntc4njg3.thumb_-optimized.jpg 780w, https:\/\/canal5.md\/wp-content\/uploads\/2025\/03\/ptq0mczoyxnopwjjywi4mgmxzteyoge0zdk2ngq5zgfkntljntc4njg3.thumb_-300x169-optimized.jpg 300w, https:\/\/canal5.md\/wp-content\/uploads\/2025\/03\/ptq0mczoyxnopwjjywi4mgmxzteyoge0zdk2ngq5zgfkntljntc4njg3.thumb_-768x433-optimized.jpg 768w, https:\/\/canal5.md\/wp-content\/uploads\/2025\/03\/ptq0mczoyxnopwjjywi4mgmxzteyoge0zdk2ngq5zgfkntljntc4njg3.thumb_-696x393-optimized.jpg 696w\">\u041epozi\u0163ia turc\u0103 a convocat vineri sear\u0103 o \u201enoapte a democra\u0163iei\u201d, f\u0103c\u00e2nd apel la o mare demonstra\u0163ie pentru a denun\u0163a arestarea primarului Istanbulului, Ekrem Imamoglu, \u00een pofida avertismentului pre\u015fedintelui Recep Tayyip Erdogan care a promis c\u0103 nu va ceda \u00een fa\u0163a \u201eterorii str\u0103zii\u201d. \u00cen a treia zi de manifesta\u0163ii, protestatarii au \u00eenceput s\u0103 se \u00eendrepte c\u0103tre [\u2026]<\/div>\n","protected":false},"author":1,"featured_media":69567,"comment_status":"closed","ping_status":"closed","sticky":false,"template":"","format":"standard","meta":{"jnews-multi-image_gallery":[],"jnews_single_post":[],"jnews_primary_category":[],"jnews_social_meta":[],"jnews_override_counter":[],"footnotes":""},"categories":[29],"tags":[],"class_list":["post-69566","post","type-post","status-publish","format-standard","has-post-thumbnail","hentry","category-externe_ro"],"_links":{"self":[{"href":"https:\/\/orheifm.live\/index.php\/wp-json\/wp\/v2\/posts\/69566","targetHints":{"allow":["GET"]}}],"collection":[{"href":"https:\/\/orheifm.live\/index.php\/wp-json\/wp\/v2\/posts"}],"about":[{"href":"https:\/\/orheifm.live\/index.php\/wp-json\/wp\/v2\/types\/post"}],"author":[{"embeddable":true,"href":"https:\/\/orheifm.live\/index.php\/wp-json\/wp\/v2\/users\/1"}],"replies":[{"embeddable":true,"href":"https:\/\/orheifm.live\/index.php\/wp-json\/wp\/v2\/comments?post=69566"}],"version-history":[{"count":0,"href":"https:\/\/orheifm.live\/index.php\/wp-json\/wp\/v2\/posts\/69566\/revisions"}],"wp:featuredmedia":[{"embeddable":true,"href":"https:\/\/orheifm.live\/index.php\/wp-json\/wp\/v2\/media\/69567"}],"wp:attachment":[{"href":"https:\/\/orheifm.live\/index.php\/wp-json\/wp\/v2\/media?parent=69566"}],"wp:term":[{"taxonomy":"category","embeddable":true,"href":"https:\/\/orheifm.live\/index.php\/wp-json\/wp\/v2\/categories?post=69566"},{"taxonomy":"post_tag","embeddable":true,"href":"https:\/\/orheifm.live\/index.php\/wp-json\/wp\/v2\/tags?post=69566"}],"curies":[{"name":"wp","href":"https:\/\/api.w.org\/{rel}","templated":true}]}}