{"id":69564,"date":"2025-03-22T00:19:44","date_gmt":"2025-03-21T22:19:44","guid":{"rendered":"https:\/\/orheifm.live\/index.php\/2025\/03\/22\/declaratie-soc-a-lui-trump-care-admite-ca-discutiile-cu-putin-despre-ucraina-se-refera-la-impartiri-teritoriale-etcetera-etcetera\/"},"modified":"2025-03-22T00:19:44","modified_gmt":"2025-03-21T22:19:44","slug":"declaratie-soc-a-lui-trump-care-admite-ca-discutiile-cu-putin-despre-ucraina-se-refera-la-impartiri-teritoriale-etcetera-etcetera","status":"publish","type":"post","link":"https:\/\/orheifm.live\/index.php\/2025\/03\/22\/declaratie-soc-a-lui-trump-care-admite-ca-discutiile-cu-putin-despre-ucraina-se-refera-la-impartiri-teritoriale-etcetera-etcetera\/","title":{"rendered":"Declara\u021bie-\u0219oc a lui Trump, care admite c\u0103 discu\u021biile cu Putin despre Ucraina se refer\u0103 la \u201e\u00eemp\u0103r\u021biri teritoriale, etcetera, etcetera\u201d"},"content":{"rendered":"<div>\n<p><strong>Pre\u0219edintele SUA, Donald Trump, a recunoscut vineri seara, \u00een cadrul unui briefing de pres\u0103 \u021binut la Casa Alb\u0103, c\u0103, \u00een cadrul negocierilor SUA-Rusia referitoare la un acord de pace \u00een Ucraina se discut\u0103 despre \u201e\u00eemp\u0103r\u021biri teritoriale\u201d, informeaz\u0103 <a href=\"https:\/\/www.digi24.ro\/stiri\/externe\/declaratie-soc-a-lui-trump-despre-negocierile-cu-putin-da-se-discuta-despre-impartiri-teritoriale-etcetera-etcetera-3167749\">digi24.ro<\/a><br \/>\n<\/strong><br \/>\nTrump a declarat c\u0103, \u00een opinia sa, o \u00eencetare complet\u0103 a focului \u00een conflictul ruso-ucrainean va avea loc, foarte probabil, \u201eextrem de cur\u00e2nd\u201d.<\/p>\n<p>\u201eO s\u0103 avem un contract, iar acest contract se negociaz\u0103 \u00een acest moment\u201d, a spus Trump. \u201eE un contract referitor la \u00eemp\u0103r\u021biri teritoriale, etcetera, etcetera, care se negociaz\u0103 chiar \u00een timp ce vorbim\u201d, a declarat pre\u0219edintele SUA.<\/p>\n<p>\u00cen cadrul briefingului de pres\u0103, Trump a fost \u00eentrebat dac\u0103 va impune noi sanc\u021biuni Rusiei, \u00een condi\u021biile \u00een care armata rus\u0103 a continuat s\u0103 bombardeze masiv infrastructura Ucrainei, \u00een ciuda promisiunii f\u0103cute de Putin referitoare la \u00eencheierea unui armisti\u021biu de 30 de zile \u00een acest sens.<\/p>\n<p>\u201eEi bine, se bat unii cu al\u021bii\u201d, a fost r\u0103spunsul lui Trump.<\/p>\n<p>Rusia a anexat ilegal Crimeea \u00een 2014. De asemenea, \u00een toamna lui 2022, dup\u0103 declan\u0219area invaziei terestre \u00een Ucraina, Rusia a anexat ilegal \u0219i alte patru teritorii ucrainene: regiunile Done\u021bk, Luhansk, Zaporojie \u0219i Herson. \u00cen prezent, aceste regiuni sunt toate traversate de linia frontului \u0219i sunt toate par\u021bial sau aproape \u00een \u00eentregime aflate sub controlul armatei ruse. P\u00e2n\u0103 acum, oficialii ucraineni au considerat recunoa\u0219terea acestor regiuni de c\u0103tre Rusia drept \u201eo linie ro\u0219ie\u201d pe care Kievul nu are de g\u00e2nd s\u0103 o treac\u0103.<\/p>\n<p>Donald Trump a avut mar\u021bi, 18 martie, o convorbire telefonic\u0103 cu Vladimir Putin, \u00een urma c\u0103reia, Casa Alb\u0103 a comunicat c\u0103 Rusia a fost de acord s\u0103 opreasc\u0103 atacurile asupra infrastructurii civile \u0219i energetice ucrainene. \u00cen schimb, Kremlinul a comunicat c\u0103 Rusia a fost de acord asupra unui armisti\u021biu doar \u00een privin\u021ba atacurilor asupra infrastructurii energetice. O zi mai t\u00e2rziu, Trump a vorbit cu pre\u0219edintele ucrainean, Volodimir Zelenski, \u0219i i-a promis ajutor \u00een privin\u021ba furniz\u0103rii de sisteme antiaeriene necesare Ucrainei.<\/p>\n<\/div>\n","protected":false},"excerpt":{"rendered":"<div><img loading=\"lazy\" decoding=\"async\" width=\"696\" height=\"393\" src=\"https:\/\/canal5.md\/wp-content\/uploads\/2025\/03\/nzyynzkzywy2ndhkmdkxzmy5mda3nzrkyjzjyzgzna.thumb_-optimized.jpg\" class=\"attachment-large size-large wp-post-image\" alt=\"\" srcset=\"https:\/\/canal5.md\/wp-content\/uploads\/2025\/03\/nzyynzkzywy2ndhkmdkxzmy5mda3nzrkyjzjyzgzna.thumb_-optimized.jpg 780w, https:\/\/canal5.md\/wp-content\/uploads\/2025\/03\/nzyynzkzywy2ndhkmdkxzmy5mda3nzrkyjzjyzgzna.thumb_-300x169-optimized.jpg 300w, https:\/\/canal5.md\/wp-content\/uploads\/2025\/03\/nzyynzkzywy2ndhkmdkxzmy5mda3nzrkyjzjyzgzna.thumb_-768x433-optimized.jpg 768w, https:\/\/canal5.md\/wp-content\/uploads\/2025\/03\/nzyynzkzywy2ndhkmdkxzmy5mda3nzrkyjzjyzgzna.thumb_-696x393-optimized.jpg 696w\">Pre\u0219edintele SUA, Donald Trump, a recunoscut vineri seara, \u00een cadrul unui briefing de pres\u0103 \u021binut la Casa Alb\u0103, c\u0103, \u00een cadrul negocierilor SUA-Rusia referitoare la un acord de pace \u00een Ucraina se discut\u0103 despre \u201e\u00eemp\u0103r\u021biri teritoriale\u201d, informeaz\u0103 digi24.ro Trump a declarat c\u0103, \u00een opinia sa, o \u00eencetare complet\u0103 a focului \u00een conflictul ruso-ucrainean va avea [\u2026]<\/div>\n","protected":false},"author":1,"featured_media":69565,"comment_status":"closed","ping_status":"closed","sticky":false,"template":"","format":"standard","meta":{"jnews-multi-image_gallery":[],"jnews_single_post":[],"jnews_primary_category":[],"jnews_social_meta":[],"jnews_override_counter":[],"footnotes":""},"categories":[29],"tags":[],"class_list":["post-69564","post","type-post","status-publish","format-standard","has-post-thumbnail","hentry","category-externe_ro"],"_links":{"self":[{"href":"https:\/\/orheifm.live\/index.php\/wp-json\/wp\/v2\/posts\/69564","targetHints":{"allow":["GET"]}}],"collection":[{"href":"https:\/\/orheifm.live\/index.php\/wp-json\/wp\/v2\/posts"}],"about":[{"href":"https:\/\/orheifm.live\/index.php\/wp-json\/wp\/v2\/types\/post"}],"author":[{"embeddable":true,"href":"https:\/\/orheifm.live\/index.php\/wp-json\/wp\/v2\/users\/1"}],"replies":[{"embeddable":true,"href":"https:\/\/orheifm.live\/index.php\/wp-json\/wp\/v2\/comments?post=69564"}],"version-history":[{"count":0,"href":"https:\/\/orheifm.live\/index.php\/wp-json\/wp\/v2\/posts\/69564\/revisions"}],"wp:featuredmedia":[{"embeddable":true,"href":"https:\/\/orheifm.live\/index.php\/wp-json\/wp\/v2\/media\/69565"}],"wp:attachment":[{"href":"https:\/\/orheifm.live\/index.php\/wp-json\/wp\/v2\/media?parent=69564"}],"wp:term":[{"taxonomy":"category","embeddable":true,"href":"https:\/\/orheifm.live\/index.php\/wp-json\/wp\/v2\/categories?post=69564"},{"taxonomy":"post_tag","embeddable":true,"href":"https:\/\/orheifm.live\/index.php\/wp-json\/wp\/v2\/tags?post=69564"}],"curies":[{"name":"wp","href":"https:\/\/api.w.org\/{rel}","templated":true}]}}