{"id":69562,"date":"2025-03-21T22:47:10","date_gmt":"2025-03-21T20:47:10","guid":{"rendered":"https:\/\/orheifm.live\/index.php\/2025\/03\/21\/bec-stabileste-sambata-ordinea-candidatilor-la-alegerile-prezidentiale-pe-buletinul-de-vot\/"},"modified":"2025-03-21T22:47:10","modified_gmt":"2025-03-21T20:47:10","slug":"bec-stabileste-sambata-ordinea-candidatilor-la-alegerile-prezidentiale-pe-buletinul-de-vot","status":"publish","type":"post","link":"https:\/\/orheifm.live\/index.php\/2025\/03\/21\/bec-stabileste-sambata-ordinea-candidatilor-la-alegerile-prezidentiale-pe-buletinul-de-vot\/","title":{"rendered":"BEC stabile\u0219te s\u00e2mb\u0103t\u0103 ordinea candida\u021bilor la alegerile preziden\u021biale pe buletinul de vot"},"content":{"rendered":"<div>\n<p><strong>Biroul Electoral Central (BEC) anun\u021b\u0103 c\u0103 s\u00e2mb\u0103t\u0103, la ora 13:00, va avea loc tragerea la sor\u021bi pentru a fi stabilit\u0103 ordinea de \u00eenscriere pe buletinul de vot a candida\u021bilor la alegerile preziden\u021biale din mai transmite <a href=\"https:\/\/hotnews.ro\/bec-stabileste-sambata-ordinea-candidatilor-la-alegerile-prezidentiale-pe-buletinul-de-vot-1930378\">hotnews.ro<\/a><\/strong><\/p>\n<p>Conform unui comunicat al BEC, tragerea la sor\u021bi se va desf\u0103\u0219ura la sediul Biroului Electoral Central situat \u00een strada Eugeniu Carada nr. 1, Bucure\u0219ti.<\/p>\n<p>La tragerea la sor\u021bi pot participa candida\u021bii sau reprezentan\u021bii acestora.<\/p>\n<h2 class=\"wp-block-heading\">Lista final\u0103 a candida\u021bilor la alegeri<\/h2>\n<p>Biroul Electoral Central a transmis, joi, 20 martie,\u00a0lista oficial\u0103 a candidaturilor pentru alegerile preziden\u021biale. Dup\u0103 validarea dosarelor \u0219i retragerea unei candidaturi, 11 politicieni se afl\u0103 \u00een cursa pentru Cotroceni: 4 independen\u021bi \u0219i 7 candida\u021bi ai partidelor.<\/p>\n<p>Lista final\u0103 a candida\u021bilor, \u00een ordinea \u00een care au fost transmi\u0219i de BEC:<\/p>\n<ol class=\"wp-block-list\">\n<li>Nicu\u0219or Dan (independent)<\/li>\n<li>Crin Antonescu (alian\u021ba electoral\u0103 \u201eRom\u00e2nia \u00cenainte\u201d format\u0103 din PSD-PNL-UDMR-Minorit\u0103\u021bi)<\/li>\n<li>Victor Ponta (independent)<\/li>\n<li>Elena Lasconi (Uniunea Salva\u021bi Rom\u00e2nia)<\/li>\n<li>Cristian Terhe\u0219 (Partidul Na\u0163ional Conservator Rom\u00e2n)<\/li>\n<li>Lavinia \u0218andru (Partidul Umanist Social Liberal)<\/li>\n<li>George Simion (Alian\u021ba pentru Unirea Rom\u00e2nilor)<\/li>\n<li>John-Ion Banu-Muscel (independent)<\/li>\n<li>Silviu Predoiu (Partidul Liga Ac\u021biunii Na\u021bionale)<\/li>\n<li>Daniel Funeriu (independent)<\/li>\n<li>Sebastian-Constantin Popescu (Partidul Noua Rom\u00e2nie)<\/li>\n<\/ol>\n<p>Primul tur al alegerilor va avea loc \u00een data de 4 mai, iar al doilea \u00een 18 mai.<\/p>\n<\/div>\n","protected":false},"excerpt":{"rendered":"<div><img loading=\"lazy\" decoding=\"async\" width=\"696\" height=\"464\" src=\"https:\/\/canal5.md\/wp-content\/uploads\/2025\/03\/id295682_inquam_photos_george_calin-1024x683-optimized.webp\" class=\"attachment-large size-large wp-post-image\" alt=\"\" srcset=\"https:\/\/canal5.md\/wp-content\/uploads\/2025\/03\/id295682_inquam_photos_george_calin-1024x683-optimized.webp 1024w, https:\/\/canal5.md\/wp-content\/uploads\/2025\/03\/id295682_inquam_photos_george_calin-300x200-optimized.webp 300w, https:\/\/canal5.md\/wp-content\/uploads\/2025\/03\/id295682_inquam_photos_george_calin-768x512-optimized.webp 768w, https:\/\/canal5.md\/wp-content\/uploads\/2025\/03\/id295682_inquam_photos_george_calin-1536x1024-optimized.webp 1536w, https:\/\/canal5.md\/wp-content\/uploads\/2025\/03\/id295682_inquam_photos_george_calin-2048x1366-optimized.webp 2048w, https:\/\/canal5.md\/wp-content\/uploads\/2025\/03\/id295682_inquam_photos_george_calin-696x464-optimized.webp 696w, https:\/\/canal5.md\/wp-content\/uploads\/2025\/03\/id295682_inquam_photos_george_calin-1068x712-optimized.webp 1068w\">Biroul Electoral Central (BEC) anun\u021b\u0103 c\u0103 s\u00e2mb\u0103t\u0103, la ora 13:00, va avea loc tragerea la sor\u021bi pentru a fi stabilit\u0103 ordinea de \u00eenscriere pe buletinul de vot a candida\u021bilor la alegerile preziden\u021biale din mai transmite hotnews.ro Conform unui comunicat al BEC, tragerea la sor\u021bi se va desf\u0103\u0219ura la sediul Biroului Electoral Central situat \u00een strada [\u2026]<\/div>\n","protected":false},"author":1,"featured_media":69563,"comment_status":"closed","ping_status":"closed","sticky":false,"template":"","format":"standard","meta":{"jnews-multi-image_gallery":[],"jnews_single_post":[],"jnews_primary_category":[],"jnews_social_meta":[],"jnews_override_counter":[],"footnotes":""},"categories":[29],"tags":[],"class_list":["post-69562","post","type-post","status-publish","format-standard","has-post-thumbnail","hentry","category-externe_ro"],"_links":{"self":[{"href":"https:\/\/orheifm.live\/index.php\/wp-json\/wp\/v2\/posts\/69562","targetHints":{"allow":["GET"]}}],"collection":[{"href":"https:\/\/orheifm.live\/index.php\/wp-json\/wp\/v2\/posts"}],"about":[{"href":"https:\/\/orheifm.live\/index.php\/wp-json\/wp\/v2\/types\/post"}],"author":[{"embeddable":true,"href":"https:\/\/orheifm.live\/index.php\/wp-json\/wp\/v2\/users\/1"}],"replies":[{"embeddable":true,"href":"https:\/\/orheifm.live\/index.php\/wp-json\/wp\/v2\/comments?post=69562"}],"version-history":[{"count":0,"href":"https:\/\/orheifm.live\/index.php\/wp-json\/wp\/v2\/posts\/69562\/revisions"}],"wp:featuredmedia":[{"embeddable":true,"href":"https:\/\/orheifm.live\/index.php\/wp-json\/wp\/v2\/media\/69563"}],"wp:attachment":[{"href":"https:\/\/orheifm.live\/index.php\/wp-json\/wp\/v2\/media?parent=69562"}],"wp:term":[{"taxonomy":"category","embeddable":true,"href":"https:\/\/orheifm.live\/index.php\/wp-json\/wp\/v2\/categories?post=69562"},{"taxonomy":"post_tag","embeddable":true,"href":"https:\/\/orheifm.live\/index.php\/wp-json\/wp\/v2\/tags?post=69562"}],"curies":[{"name":"wp","href":"https:\/\/api.w.org\/{rel}","templated":true}]}}