{"id":69555,"date":"2025-03-21T21:53:54","date_gmt":"2025-03-21T19:53:54","guid":{"rendered":"https:\/\/orheifm.live\/index.php\/2025\/03\/21\/asp-simbata-va-fi-stopata-temporar-functionarea-unui-serviciu\/"},"modified":"2025-03-21T21:53:54","modified_gmt":"2025-03-21T19:53:54","slug":"asp-simbata-va-fi-stopata-temporar-functionarea-unui-serviciu","status":"publish","type":"post","link":"https:\/\/orheifm.live\/index.php\/2025\/03\/21\/asp-simbata-va-fi-stopata-temporar-functionarea-unui-serviciu\/","title":{"rendered":"ASP: S\u00eemb\u0103t\u0103, va fi stopat\u0103 temporar func\u021bionarea unui serviciu"},"content":{"rendered":"<div>\n<p><strong>Agen\u021bia Servicii Publice (ASP) informeaz\u0103 c\u0103 pe 22 martie vor avea loc lucr\u0103ri de mentenan\u021b\u0103 \u0219i de trecere la o versiune nou\u0103 a sistemului informa\u021bional de reglementare electronic\u0103 a fluxului de solicitan\u021bi \u201eR\u00eend electronic\u201d.<\/strong><\/p>\n<p>Astfel, \u00een intervalul orelor 08:00 \u2013 17:00, va fi stopat\u0103 temporar func\u021bionarea modulului de programare prealabil\u0103 la serviciile ASP de pe pagina oficial\u0103 a institu\u021biei, noteaz\u0103 <a href=\"https:\/\/noi.md\/md\/societate\/asp-simbata-va-fi-stopata-temporar-functionarea-unui-serviciu\">Noi.md. <\/a><\/p>\n<p>\u201eNe cerem scuze pentru eventualele incomodit\u0103\u021bi \u0219i v\u0103 mul\u021bumim pentru \u00een\u021belegere. R\u0103m\u00eenem la dispozi\u021bia dumneavoastr\u0103 pentru orice \u00eentreb\u0103ri suplimentare 14909\u201d, precizeaz\u0103 ASP.<\/p>\n<\/div>\n","protected":false},"excerpt":{"rendered":"<div><img loading=\"lazy\" decoding=\"async\" width=\"696\" height=\"458\" src=\"https:\/\/canal5.md\/wp-content\/uploads\/2025\/03\/804814-optimized.webp\" class=\"attachment-large size-large wp-post-image\" alt=\"\" srcset=\"https:\/\/canal5.md\/wp-content\/uploads\/2025\/03\/804814-optimized.webp 760w, https:\/\/canal5.md\/wp-content\/uploads\/2025\/03\/804814-300x197-optimized.webp 300w, https:\/\/canal5.md\/wp-content\/uploads\/2025\/03\/804814-696x458-optimized.webp 696w\">Agen\u021bia Servicii Publice (ASP) informeaz\u0103 c\u0103 pe 22 martie vor avea loc lucr\u0103ri de mentenan\u021b\u0103 \u0219i de trecere la o versiune nou\u0103 a sistemului informa\u021bional de reglementare electronic\u0103 a fluxului de solicitan\u021bi \u201eR\u00eend electronic\u201d. Astfel, \u00een intervalul orelor 08:00 \u2013 17:00, va fi stopat\u0103 temporar func\u021bionarea modulului de programare prealabil\u0103 la serviciile ASP de pe [\u2026]<\/div>\n","protected":false},"author":1,"featured_media":69556,"comment_status":"closed","ping_status":"closed","sticky":false,"template":"","format":"standard","meta":{"jnews-multi-image_gallery":[],"jnews_single_post":[],"jnews_primary_category":[],"jnews_social_meta":[],"jnews_override_counter":[],"footnotes":""},"categories":[30],"tags":[],"class_list":["post-69555","post","type-post","status-publish","format-standard","has-post-thumbnail","hentry","category-social_ro"],"_links":{"self":[{"href":"https:\/\/orheifm.live\/index.php\/wp-json\/wp\/v2\/posts\/69555","targetHints":{"allow":["GET"]}}],"collection":[{"href":"https:\/\/orheifm.live\/index.php\/wp-json\/wp\/v2\/posts"}],"about":[{"href":"https:\/\/orheifm.live\/index.php\/wp-json\/wp\/v2\/types\/post"}],"author":[{"embeddable":true,"href":"https:\/\/orheifm.live\/index.php\/wp-json\/wp\/v2\/users\/1"}],"replies":[{"embeddable":true,"href":"https:\/\/orheifm.live\/index.php\/wp-json\/wp\/v2\/comments?post=69555"}],"version-history":[{"count":0,"href":"https:\/\/orheifm.live\/index.php\/wp-json\/wp\/v2\/posts\/69555\/revisions"}],"wp:featuredmedia":[{"embeddable":true,"href":"https:\/\/orheifm.live\/index.php\/wp-json\/wp\/v2\/media\/69556"}],"wp:attachment":[{"href":"https:\/\/orheifm.live\/index.php\/wp-json\/wp\/v2\/media?parent=69555"}],"wp:term":[{"taxonomy":"category","embeddable":true,"href":"https:\/\/orheifm.live\/index.php\/wp-json\/wp\/v2\/categories?post=69555"},{"taxonomy":"post_tag","embeddable":true,"href":"https:\/\/orheifm.live\/index.php\/wp-json\/wp\/v2\/tags?post=69555"}],"curies":[{"name":"wp","href":"https:\/\/api.w.org\/{rel}","templated":true}]}}