{"id":69553,"date":"2025-03-21T21:48:23","date_gmt":"2025-03-21T19:48:23","guid":{"rendered":"https:\/\/orheifm.live\/index.php\/2025\/03\/21\/regimul-sandu-pas-lanseaza-cenzura-online-si-restrictii-asupra-libertatii-de-exprimare-in-moldova-conform-instructiunilor-ue-video\/"},"modified":"2025-03-21T21:48:23","modified_gmt":"2025-03-21T19:48:23","slug":"regimul-sandu-pas-lanseaza-cenzura-online-si-restrictii-asupra-libertatii-de-exprimare-in-moldova-conform-instructiunilor-ue-video","status":"publish","type":"post","link":"https:\/\/orheifm.live\/index.php\/2025\/03\/21\/regimul-sandu-pas-lanseaza-cenzura-online-si-restrictii-asupra-libertatii-de-exprimare-in-moldova-conform-instructiunilor-ue-video\/","title":{"rendered":"Regimul Sandu-PAS lanseaz\u0103 cenzura online \u0219i restric\u021bii asupra libert\u0103\u021bii de exprimare \u00een Moldova, conform instruc\u021biunilor UE |VIDEO"},"content":{"rendered":"<div>\n<p><strong>De\u0219i este prim\u0103var\u0103, regimul Sandu-PAS a \u00eenceput deja \u201erecolta de toamn\u0103\u201d. PAS-ul secer\u0103 tot ce-i cade-n cale \u2014 deputa\u021bii din opozi\u021bie sunt condamna\u021bi la pedepse lungi, dreptul electoral pentru partidele politice este restric\u021bionat, iar \u00een cel mai scurt timp se planific\u0103 introducerea cenzurii pe internet. <\/strong><br \/>\n<iframe loading=\"lazy\" title=\"YouTube video player\" src=\"https:\/\/www.youtube.com\/embed\/UefQ1Hi7JuA?si=TrBt9V_LE0-QGmSr\" width=\"560\" height=\"315\" frameborder=\"0\" allowfullscreen=\"allowfullscreen\"><\/iframe><br \/>\n\u00cen plus, cet\u0103\u021benii vor fi sanc\u021biona\u021bi pentru a\u0219a-numita \u201edezinformare\u201d, adic\u0103 pentru exprimarea propriilor opinii \u0219i a libert\u0103\u021bii de exprimare \u00een mediul online.<\/p>\n<p>Modific\u0103rile respective ale Codului contraven\u021bional au fost \u00eenregistrate deja pe 17 martie \u00een Parlament de deputa\u021bii PAS. Acestea completeaz\u0103 amendamentele aduse proiectului de lege, adoptat deja, \u00een prima lectur\u0103 de PAS, anul trecut, sub pretextul combaterii corup\u021biei politice, \u00een special \u00een timpul alegerilor. Dar, se pare c\u0103 acestea nu le-au fost de ajuns.<\/p>\n<p>Acum, sub no\u021biunea de \u201edezinformare\u201d, probabil va c\u0103dea tot ce contrazice linia partidului de guvern\u0103m\u00e2nt. Dar asta nu este tot. Din proiect rezult\u0103 c\u0103 opinia oric\u0103ruia dintre voi poate fi considerat\u0103 o \u00eencercare deliberat\u0103 de a influen\u021ba rezultatele vot\u0103rii la alegeri \u2013 aten\u021bie \u2013 \u00een interesul statelor du\u0219mane.<\/p>\n<p>Iar asta deja poate atrage o pedeaps\u0103 penal\u0103, una dintre cele mai grave din Moldova, amenin\u021barea la adresa securit\u0103\u021bii na\u021bionale sau, mai mult, tr\u0103dare de patrie. Ei bine, \u00een general, am ajuns aici. Nu sunt doar vremuri bune, sunt vremuri uluitoare.<\/p>\n<p>Iat\u0103-l, acest \u201edemocratic\u201d proiect de lege, remarcabil \u00een toate sensurile. Se propune introducerea unor amenzi pentru \u201edezinformare\u201d pe internet, \u00eentre 2.500 \u0219i 20.000 de lei.<\/p>\n<p>Canalul de telegram SPPOT a publicat \u0219i lista deputa\u021bilor care au semnat aceast\u0103 ini\u021biativ\u0103. Autorul modific\u0103rilor este deputatul PAS, Igor Chiriac. La fel, printre semnatari este \u0219i Veronica Ro\u0219ca \u2013 \u0219efa comisiei pentru drept, numiri \u0219i imunitate, Dorian Istrati, dar \u0219i lupt\u0103torii cu toat\u0103 istoria sovietic\u0103, care i-a traumatizat evident, judec\u00e2nd dup\u0103 ultimele lor declara\u021bii \u2014 Evgheni Sinchevici \u0219i Natalia Davidovici.<\/p>\n<p>Ace\u0219tia sunt \u0219i ini\u021biatorii scandalosului proiect de lege privind deschiderea canalului Moldova 3 \u00een Moldova, destinat publicului vorbitor de limba rus\u0103 \u00een scopuri electorale, canal care va fi direct sub controlul pre\u0219edintei Maia Sandu, lucru pe care aceasta l-a subliniat deschis \u00een podcastul ei cu un rating sc\u0103zut de vizualiz\u0103ri. Acum, ratingul partidului aflat la putere pare s\u0103 fie crescut prin represiunile tuturor \u0219i a oricui.<\/p>\n<p>Ceea ce este cel mai interesant este c\u0103 no\u021biunea de \u201edezinformare\u201d \u00een proiect este interpretat\u0103 \u00eentr-un mod foarte larg. Cu alte cuvinte, nu este clar ce anume vrea guvernarea s\u0103 \u00een\u021beleag\u0103 prin acest termen. \u0218i mai exist\u0103 o no\u021biune interesant\u0103, precum \u201ed\u0103unarea proceselor democratice publice\u201d. Sub aceasta, practic, toat\u0103 Moldova poate fi tras\u0103 de urechi.<\/p>\n<p>De exemplu, dac\u0103 un fermier critic\u0103 Ministerul Agriculturii pe Facebook, pe canalul s\u0103u YouTube, pe TikTok sau la un protest pentru c\u0103 guvernul nu a achitat datoriile la subven\u021bii \u0219i a adus agricultorii la faliment, atunci \u201ed\u0103unezi\u201d, \u201epublic\u201d, \u201eproceselor democratice\u201d pe care PAS le- a lansat pe calea eurointegr\u0103rii.<\/p>\n<p>Sau, un pensionar care \u00eentr-un interviu pentru un canal de opozi\u021bie declar\u0103 c\u0103 pensia lui este mic\u0103 \u0219i c\u0103 nu are ce m\u00e2nca \u2013 din nou, aduci daune imaginii democratice a regimului aflat la putere. Dar regimul, de fapt, este \u201ebun\u201d, face tot ce poate pentru ca pensionarii, persoanele cu dizabilit\u0103\u021bi, medicii \u0219i educatorii no\u0219tri s\u0103 tr\u0103iasc\u0103 bine. \u0218i chiar tr\u0103iesc bine, nu vede\u021bi? Nu g\u00e2ndi\u021bi democratic, domnule pensionar.<\/p>\n<p>Nu suntem pe aceea\u0219i cale. Absurd? Nu doar at\u00e2t, ci \u0219i cu consecin\u021be grave. Cine va stabili ce este \u201eprocesul democratic\u201d, \u201ed\u0103unarea public\u0103\u201d? Cine va \u00eenregistra faptul acestei d\u0103un\u0103ri \u0219i va m\u0103sura amploarea ei? Nu ve\u021bi crede, dar chiar \u0219i Centrul de Jurnalism Independent este \u00eengrijorat.<\/p>\n<p>\u00cen ciuda \u00eentregii iubiri pentru Sandu \u0219i partidul ei, echipa din care face parte \u0219i care, de altfel, \u00een patru ani nu a realizat niciun fel de investiga\u021bie privind corup\u021bia din v\u00e2rful regimului Sandu-PAS, scrie, f\u0103c\u00e2nd referire la concluziile anterioare ale Comisiei de la Vene\u021bia, c\u0103, de fapt, ini\u021biativa noilor deputa\u021bi PAS nu este altceva dec\u00e2t \u201einterferen\u021b\u0103 \u00een libertatea de exprimare\u201d, iar acest lucru nu \u00ee\u0219i are locul \u00eentr-o \u201esocietate democratic\u0103\u201d.<\/p>\n<p>C\u00e2nd au \u00eenchis canalele TV de opozi\u021bie sub un pretext inventat \u2013 \u201epentru propagand\u0103 prin t\u0103cere\u201d, aceast\u0103 institu\u021bie a t\u0103cut pentru a face pe plac propagandei narativelor puterii PAS. Iar \u201ejurnali\u0219tii independen\u021bi\u201d nu au dat doi bani pe opinia Comisiei de la Vene\u021bia \u00een privin\u021ba abuzurilor regimului. \u0218i acum, deodat\u0103, iluminare.<\/p>\n<p>DECLARA\u021aIA CENTRULUI PENTRU JURNALISM INDEPENDENT<\/p>\n<p>\u201e\u00cen concluziile Comisiei de la Vene\u021bia, care a analizat dispozi\u021biile proiectului de modificare a Codului Penal al Turciei, similar cu cel propus recent de deputa\u021bii moldoveni, comisia a ajuns la concluzia c\u0103 \u201einterven\u021bia \u00een libertatea de exprimare pe care ar cauza-o aceast\u0103 dispozi\u021bie, \u00een cazul adopt\u0103rii sale, nu ar fi necesar\u0103 \u00eentr-o societate democratic\u0103, propor\u021bional\u0103 cu scopurile legale de prevenire a tulbur\u0103rilor \u0219i protejarea securit\u0103\u021bii na\u021bionale, s\u0103n\u0103t\u0103\u021bii popula\u021biei \u0219i drepturilor altor persoane\u201d.<\/p>\n<p>Comisia a exprimat, de asemenea, o \u00eengrijorare deosebit\u0103 cu privire la posibilele consecin\u021be ale acestei dispozi\u021bii, inclusiv efectul de descurajare \u0219i cre\u0219terea autocenzurii, \u201emai ales \u00een contextul alegerilor din iunie 2023\u201d, \u0219i a recomandat autorit\u0103\u021bilor turce s\u0103 nu adopte modificarea.\u201d<\/p>\n<p>Ei bine, dac\u0103 chiar \u0219i liderul ONG-ului Watchdog, Valeriu Pa\u0219a, care se afl\u0103 \u00een prima linie a lupt\u0103torilor \u00eempotriva a\u0219a- zisei \u201edezinform\u0103ri\u201d \u0219i a atacurilor hibride \u2013 \u00een viziunea regimului, este \u0219ocat de entuziasmul dictatorial al Sandu \u0219i al partidului s\u0103u \u00een construirea unui stat poli\u021bienesc, atunci nu putem dec\u00e2t s\u0103 ridic\u0103m din umeri.<\/p>\n<p>VALERIU PA\u0218A, liderul Watchdog<\/p>\n<p>\u201eStima\u021bi conduc\u0103tori ai PAS, v\u0103 rug\u0103m, nu face\u021bi nimic pentru a ne ajuta s\u0103 combatem dezinformarea. Ne confunda\u021bi doar.\u201d<\/p>\n<p>Pare c\u0103 suntem \u00eentr-o \u201ecamer\u0103 nr. 6\u201d \u00een plin\u0103 ac\u021biune. Iar concursul pentru cel mai de\u0219tept \u0219i viclean se nume\u0219te \u2013 ghice\u0219te cine, cu cine, c\u00e2nd \u0219i unde am luptat, eu \u0219i tractorul.<\/p>\n<p>Mai mult dec\u00e2t at\u00e2t, sub acoperirea acestui haos, vor s\u0103 implice \u0219i SIB-ul \u00een proces, extinz\u00e2ndu-i atribu\u021biile p\u00e2n\u0103 acolo \u00eenc\u00e2t s\u0103 poat\u0103 intercepta cet\u0103\u021benii f\u0103r\u0103 mandat judiciar \u0219i apoi s\u0103 trimit\u0103 informa\u021biile unde trebuie \u0219i s\u0103 pun\u0103 acuza\u021bii. \u0218i mai spun ceva despre CSS.<\/p>\n<p>Dar cenzura libert\u0103\u021bii de exprimare nu se opre\u0219te doar la aceste amendamente. Recent, telegraph.md scria c\u0103 una dintre schimb\u0103rile cheie \u00een Codul serviciilor media audiovizuale pe care PAS le introduce este extinderea defini\u021biei \u201eplatformei de schimb de materiale video\u201d.<\/p>\n<p>Aceasta include vlogurile \u0219i podcasturile video postate pe platforme precum YouTube, TikTok, Facebook \u0219i alte servicii similare.<\/p>\n<p>Aceasta \u00eenseamn\u0103 c\u0103 autorit\u0103\u021bile vor putea impune restric\u021bii \u0219i sanc\u021biuni creatorilor de con\u021binut. De asemenea, se introduce no\u021biunea de \u201econ\u021binut ilegal\u201d, definind-o ca orice material care nu corespunde legisla\u021biei \u021b\u0103rii. Se introduce \u0219i conceptul de \u201einformat de \u00eencredere\u201d \u2013 o persoan\u0103 care va avea dreptul s\u0103 raporteze direct platformelor orice con\u021binut pe care \u00eel consider\u0103 ilegal.<\/p>\n<p>PAS INSTITUIRE CENZURA ONLINE<\/p>\n<p>A, ce-ar fi s\u0103 continu\u0103m s\u0103 ne distr\u0103m \u0219i mai mult cu libert\u0103\u021bile democratice \u00een cea mai democratic\u0103 \u021bar\u0103 din lume.<\/p>\n<p>Mai ales c\u0103, a\u0219a cum a declarat recent pre\u0219edinta Consiliului pentru Televiziune \u0219i Radio, Liliana Vicu-E\u0219anu, activitatea vloggerilor \u0219i autorilor de videopodcasturi trebuie reglementat\u0103, av\u00e2nd \u00een vedere \u2014 aten\u021bie \u2014 c\u0103 audien\u021ba lor a dep\u0103\u0219it deja audien\u021ba canalelor TV, iar politicienii folosesc din ce \u00een ce mai des internetul pentru a-\u0219i promova ideile \u0219i campaniile! Iat\u0103 adev\u0103rata cauz\u0103, audien\u021ba mare \u0219i nu \u00een mass-media favorabile guvernului!<\/p>\n<p>A\u0219a deci! \u00censeamn\u0103 c\u0103 trebuie s\u0103 \u00eenchidem complet robinetul pentru aceast\u0103 audien\u021b\u0103 \u0219i canale.<\/p>\n<p>Membrii PAS nu s-au g\u00e2ndit deloc c\u0103 aceast\u0103 cenzur\u0103 \u0219i restric\u021bii vor duce la faptul c\u0103 nu va mai exista publicitate pe re\u021belele sociale, pe care tr\u0103ie\u0219te \u0219i segmentul moldovenesc. Oricum, publicitatea exist\u0103, chiar \u0219i \u00een re\u021belele sociale ale mass-media favorabile guvernului. Ei bine, pentru regimul SANDU-PAS nu este o premier\u0103 s\u0103 taie creanga pe care stau.<\/p>\n<p>Ei fac mai \u00eent\u00e2i, \u0219i apoi g\u00e2ndesc cu \u201eacel loc\u201d. Politologul Dmitri Ciuba\u0219enko a numit regimul SANDU-PAS \u201enebun\u201d, dar, \u00een opinia sa, aceast\u0103 nebunie va avea un sf\u00e2r\u0219it doar printr-un singur lucru.<\/p>\n<p>DMITRI CIUBA\u0218ENKO, analist politic<\/p>\n<p>\u201ePropun\u00e2nd introducerea cenzurii \u00een domeniul informa\u021biilor online, regimul PAS-Sandu urmeaz\u0103 exemplul celor mai infame regimuri din UE, care au fost criticate pentru \u00eenc\u0103lcarea democra\u021biei \u0219i libert\u0103\u021bii, a spus vicepre\u0219edintele SUA, Vance. Mai devreme sau mai t\u00e2rziu, administra\u021bia Trump va elimina to\u021bi politicienii europeni care vor pune be\u021be \u00een roate. Sandu face parte din r\u00e2ndul du\u0219manilor lui Trump \u00een Europa.<\/p>\n<p>Americanii o vor dobor\u00ee \u0219i pe ea. Autorit\u0103\u021bile din Chi\u0219in\u0103u, \u00eennebunite, nu \u00een\u021beleg deloc ce se \u00eent\u00e2mpl\u0103. Ei cred c\u0103 europenii \u00eei vor ajuta. Europenii nu se vor ajuta nici pe ei \u00een\u0219i\u0219i, dar\u0103mite s\u0103 sus\u021bin\u0103 ni\u0219te c\u00e2ini de cas\u0103 basarabeni.\u201d<\/p>\n<p>Politologul ValeriU Ostalep se \u00eentreab\u0103 cum se face c\u0103 legile PAS contravin legilor UE. Dar, din p\u0103cate, acest lucru nu pare s\u0103 deranjeze deloc Uniunea European\u0103.<\/p>\n<p>Ostalep afirm\u0103 c\u0103 legile regimului Sandu-PAS nu sunt chiar at\u00e2t de contrare cenzurii care deja se impune \u00een spa\u021biul online al \u021b\u0103rilor UE. Dac\u0103 crede\u021bi c\u0103 cenzura pe internet \u0219i amenzile pentru exprimarea propriei opinii sunt o inven\u021bie a Sandei \u0219i a partidului s\u0103u, v\u0103 \u00een\u0219ela\u021bi.<\/p>\n<p>Sanda are o bun\u0103 consilier\u0103 \u0219i ajutoare \u00een construirea unui \u201eviitor democratic luminos\u201d pentru cet\u0103\u021benii Moldovei \u2014 pre\u0219edinta Comisiei Europene, Ursula von der Leyen, care este considerat\u0103 \u00een Uniunea European\u0103 principalul jandarm al comunit\u0103\u021bii.<\/p>\n<p>Chiar \u00eenainte de alegerile din Parlamentul European din mai 2024, von der Leyen a declarat la Summitul Democrat din Copenhaga c\u0103 dezinformarea este ca un virus, iar societ\u0103\u021bile trebuie \u201evaccinate\u201d \u00eempotriva ei prin cenzur\u0103. A\u0219adar, \u00een laboratorul acesteia, oamenii sunt trata\u021bi ca cobai.<\/p>\n<p>URSULA VON DER LEYEN, pre\u0219edintele Comisiei Europene mai 2024<\/p>\n<p>\u00abPrevenirea este preferabil\u0103 tratamentului. De exemplu, dac\u0103 ne imagin\u0103m manipularea informa\u021biilor ca un virus: \u00een loc s\u0103 trat\u0103m infec\u021bia dup\u0103 ce aceasta s-a r\u0103sp\u00e2ndit, este mult mai bine s\u0103 ne vaccin\u0103m, astfel \u00eenc\u00e2t organismul s\u0103 fie protejat. Prevenirea este acela\u0219i principiu.<\/p>\n<p>Deoarece dezinformarea depinde de persoanele care o transmit altora, este important ca toat\u0103 lumea s\u0103 \u00een\u021beleag\u0103 care este impactul informa\u021biilor d\u0103un\u0103toare \u0219i ce metode stau la baza acestora. Iar pe m\u0103sur\u0103 ce cuno\u0219tin\u021bele cresc, \u0219ansele noastre de a fi influen\u021ba\u021bi scad. Iar acest lucru cre\u0219te rezilien\u021ba societ\u0103\u021bii, de care avem at\u00e2t de mult\u0103 nevoie.<\/p>\n<p>Apoi, Ursula von der Leyen a explicat cum Comisia European\u0103, sub conducerea sa, inten\u021bioneaz\u0103 s\u0103 trateze diferen\u021ba de opinie \u00een \u021b\u0103rile europene.<\/p>\n<p>URSULA VON DER LEYEN, pre\u0219edintele Comisiei Europene, 15 mai, 2024<\/p>\n<p>Al doilea punct se refer\u0103 la reglement\u0103rile pentru tratarea con\u021binutului d\u0103un\u0103tor, iar \u00een acest sens am f\u0103cut deja progrese cu DSA \u2013 Legea privind serviciile digitale. Astfel, de \u00eendat\u0103 ce identific\u0103m informa\u021bii sau propagand\u0103 d\u0103un\u0103toare, trebuie s\u0103 asigur\u0103m eliminarea rapid\u0103 \u0219i blocarea acestora, iar aceasta este responsabilitatea platformelor online, care acum au un set de obliga\u021bii \u00een acest sens.<\/p>\n<p>Trebuie s\u0103 fim foarte vigilen\u021bi \u0219i necompromi\u021b\u0103tori atunci c\u00e2nd vine vorba de asigurarea respect\u0103rii acestora. Nu este doar o responsabilitate moral\u0103 a platformei, este o lege european\u0103 care trebuie respectat\u0103.<\/p>\n<p>Imediat dup\u0103 realegerea sa, von der Leyen a anun\u021bat crearea unui \u201eScut European pentru Democra\u021bie\u201d pentru combaterea dezinform\u0103rii. Acest lucru este inclus \u0219i \u00een programul s\u0103u politic p\u00e2n\u0103 \u00een 2029.<\/p>\n<p>\u00cen cadrul acestuia, ea propune crearea unui mecanism de \u201ecre\u0219tere a con\u0219tientiz\u0103rii publicului\u201d, prin dezvoltarea practicii de etichetare \u0219i eliminare a informa\u021biilor care, conform autorit\u0103\u021bilor, induc \u00een eroare \u0219i manipuleaz\u0103 popula\u021bia.<br \/>\nToate acestea coincid perfect cu ac\u021biunile regimului Sandu-PAS din Moldova. A\u0219a cum a spus Ursula, \u201enu este doar o responsabilitate moral\u0103 a platformelor\u201d.<\/p>\n<p>\u0218i, dac\u0103 liderul Comisiei Europene nu vede niciun fel de consecin\u021be morale sau juridice \u00een impunerea acestor restric\u021bii asupra libert\u0103\u021bii de exprimare \u0219i a drepturilor fundamentale ale omului, care garanteaz\u0103 dreptul de a-\u021bi exprima propria opinie, oare se va preocupa de aspectele morale, acoperind acelea\u0219i metode antidemocratice de combatere a diversit\u0103\u021bii de opinie din partea regimului Sandu, care este convenabil pentru partidul s\u0103u de r\u0103zboi? Evident, nu. Problema este alta: p\u00e2n\u0103 unde se va merge?<\/p>\n<\/div>\n","protected":false},"excerpt":{"rendered":"<div><img loading=\"lazy\" decoding=\"async\" width=\"696\" height=\"463\" src=\"https:\/\/canal5.md\/wp-content\/uploads\/2025\/03\/i-12-optimized.webp\" class=\"attachment-large size-large wp-post-image\" alt=\"\" srcset=\"https:\/\/canal5.md\/wp-content\/uploads\/2025\/03\/i-12-optimized.webp 700w, https:\/\/canal5.md\/wp-content\/uploads\/2025\/03\/i-12-300x200-optimized.webp 300w, https:\/\/canal5.md\/wp-content\/uploads\/2025\/03\/i-12-696x463-optimized.webp 696w\">De\u0219i este prim\u0103var\u0103, regimul Sandu-PAS a \u00eenceput deja \u201erecolta de toamn\u0103\u201d. PAS-ul secer\u0103 tot ce-i cade-n cale \u2014 deputa\u021bii din opozi\u021bie sunt condamna\u021bi la pedepse lungi, dreptul electoral pentru partidele politice este restric\u021bionat, iar \u00een cel mai scurt timp se planific\u0103 introducerea cenzurii pe internet. \u00cen plus, cet\u0103\u021benii vor fi sanc\u021biona\u021bi pentru a\u0219a-numita \u201edezinformare\u201d, adic\u0103 [\u2026]<\/div>\n","protected":false},"author":1,"featured_media":69554,"comment_status":"closed","ping_status":"closed","sticky":false,"template":"","format":"standard","meta":{"jnews-multi-image_gallery":[],"jnews_single_post":[],"jnews_primary_category":[],"jnews_social_meta":[],"jnews_override_counter":[],"footnotes":""},"categories":[23],"tags":[],"class_list":["post-69553","post","type-post","status-publish","format-standard","has-post-thumbnail","hentry","category-politica_ro"],"_links":{"self":[{"href":"https:\/\/orheifm.live\/index.php\/wp-json\/wp\/v2\/posts\/69553","targetHints":{"allow":["GET"]}}],"collection":[{"href":"https:\/\/orheifm.live\/index.php\/wp-json\/wp\/v2\/posts"}],"about":[{"href":"https:\/\/orheifm.live\/index.php\/wp-json\/wp\/v2\/types\/post"}],"author":[{"embeddable":true,"href":"https:\/\/orheifm.live\/index.php\/wp-json\/wp\/v2\/users\/1"}],"replies":[{"embeddable":true,"href":"https:\/\/orheifm.live\/index.php\/wp-json\/wp\/v2\/comments?post=69553"}],"version-history":[{"count":0,"href":"https:\/\/orheifm.live\/index.php\/wp-json\/wp\/v2\/posts\/69553\/revisions"}],"wp:featuredmedia":[{"embeddable":true,"href":"https:\/\/orheifm.live\/index.php\/wp-json\/wp\/v2\/media\/69554"}],"wp:attachment":[{"href":"https:\/\/orheifm.live\/index.php\/wp-json\/wp\/v2\/media?parent=69553"}],"wp:term":[{"taxonomy":"category","embeddable":true,"href":"https:\/\/orheifm.live\/index.php\/wp-json\/wp\/v2\/categories?post=69553"},{"taxonomy":"post_tag","embeddable":true,"href":"https:\/\/orheifm.live\/index.php\/wp-json\/wp\/v2\/tags?post=69553"}],"curies":[{"name":"wp","href":"https:\/\/api.w.org\/{rel}","templated":true}]}}