{"id":69551,"date":"2025-03-21T21:34:28","date_gmt":"2025-03-21T19:34:28","guid":{"rendered":"https:\/\/orheifm.live\/index.php\/2025\/03\/21\/tatiana-cociu-guvernul-pas-pedepseste-locuitorii-din-orhei-dar-primaria-intervine-cu-ajutor-video\/"},"modified":"2025-03-21T21:34:28","modified_gmt":"2025-03-21T19:34:28","slug":"tatiana-cociu-guvernul-pas-pedepseste-locuitorii-din-orhei-dar-primaria-intervine-cu-ajutor-video","status":"publish","type":"post","link":"https:\/\/orheifm.live\/index.php\/2025\/03\/21\/tatiana-cociu-guvernul-pas-pedepseste-locuitorii-din-orhei-dar-primaria-intervine-cu-ajutor-video\/","title":{"rendered":"Tatiana Cociu: Guvernul PAS pedepse\u0219te locuitorii din Orhei, dar prim\u0103ria intervine cu ajutor |VIDEO"},"content":{"rendered":"<div>\n<p><strong>\u00a0Guvernul PAS pedepse\u0219te din nou locuitorii municipiului Orhei. O spune primarului Tatiana Cociu, care subliniaz\u0103 c\u0103 actuala guvernare a decis s\u0103 nu compenseze pagubele provocate de ploile toren\u021biale din municipiu, \u00een perioada iunie-septembrie 2024, l\u0103s\u00e2nd oamenii cu ochii \u00een soare.<\/strong><iframe loading=\"lazy\" title=\"YouTube video player\" src=\"https:\/\/www.youtube.com\/embed\/BZ5ojqNQHUI?si=AUkGoWXyQww-kE8b\" width=\"560\" height=\"315\" frameborder=\"0\" allowfullscreen=\"allowfullscreen\"><\/iframe><\/p>\n<p>\u00cen acest context, Cociu a condamnat alocarea fondurilor din bugetul de stat pe criterii politice, consider\u00e2nd-o o \u201ef\u0103r\u0103delege\u201d \u0219i o \u201ecrim\u0103 \u00eempotriva propriilor cet\u0103\u021beni\u201d.<\/p>\n<p>Cu toate acestea, primarul a asigurat c\u0103 victimele intemperiilor nu vor fi l\u0103sate f\u0103r\u0103 ajutor, iar 800.000 de lei vor fi aloca\u021bi din fondul de rezerv\u0103 al prim\u0103riei pentru a sprijini locuitorii afecta\u021bi.<\/p>\n<p>Primarul municipiului Orhei, Tatiana Cociu, a declarat c\u0103, \u00een ciuda solicit\u0103rilor repetate, guvernul PAS a refuzat din nou s\u0103 sprijine locuitorii ora\u0219ului Orhei, l\u0103s\u00e2ndu-i f\u0103r\u0103 compensa\u021biile necesare pentru pagubele provocate de ploile toren\u021biale din anul trecut. Cociu a subliniat c\u0103 acest lucru se \u00eent\u00e2mpl\u0103 chiar dac\u0103<\/p>\n<p>Orheiul a contribuit cu 37 de milioane de lei la bugetul de stat \u00een 2023 \u0219i a numit decizia autorit\u0103\u021bilor centrale drept \u201eo \u00eenc\u0103lcare a legii \u0219i o crim\u0103 \u00eempotriva cet\u0103\u021benilor\u201d. Ea a ad\u0103ugat c\u0103 distribuirea banilor pe baze politice este inacceptabil\u0103.<\/p>\n<p>TATIANA COCIU, primarul municipiului Orhei<\/p>\n<p>Cunoa\u0219te\u021bi c\u0103 s\u0103pt\u0103m\u00e2na trecut\u0103, Guvernul a aprobat fonduri pentru raionele \u0219i localit\u0103\u021bile care au avut de suferit \u00een urma intemperiilor din anul 2024, mai exact \u00een lunile iunie-septembrie.<\/p>\n<p>De obicei, municipiul \u0219i raionul Orhei nu sunt pe placul guvern\u0103rii, pentru c\u0103 de fiecare dat\u0103 le spunem un NU ferm, deoarece nu suntem de acord cu ceea ce fac ei \u0219i cu b\u0103taia de joc care se \u00eent\u00e2mpl\u0103 cu oamenii. Astfel, nu am fost inclu\u0219i \u00een aceast\u0103 list\u0103, de\u0219i am fost al doilea raion cel mai afectat \u00een urma acestor intemperii.<\/p>\n<p>Cociu a mai precizat c\u0103 guvernul a alocat 115 milioane de lei doar pentru opt raioane, toate conduse de primari PAS, ignor\u00e2nd nevoile orheienilor care au suferit pierderi de peste 800.000 de lei \u00een urma intemperiilor din vara trecut\u0103. Cu toate acestea, primarul a asigurat c\u0103 orheienii nu vor fi uita\u021bi \u0219i c\u0103 vor beneficia de sprijin financiar din partea prim\u0103riei.<\/p>\n<p>TATIANA COCIU, primarul municipiului Orhei<\/p>\n<p>A\u0219a cum se \u00eent\u00e2mpl\u0103 la Orhei, oamenii nu sunt da\u021bi uit\u0103rii \u0219i echipa lui Ilan \u0218or ajut\u0103 orheienii, ast\u0103zi, \u00een cadrul \u0219edin\u021bei consiliului municipal Orhei, am aprobat decizia prin care se va aloca fonduri din rezerva prim\u0103riei pentru to\u021bi cei care au avut de suferit \u00een urma acestor intemperii.<\/p>\n<p>\u00cen total, vom aloca peste 800 de mii de lei persoanelor afectate, inclusiv celor care au case private \u0219i celor care locuiesc \u00een blocuri, astfel \u00eenc\u00e2t nimeni s\u0103 nu fie l\u0103sat deoparte \u0219i toat\u0103 lumea s\u0103 beneficieze de sprijin financiar pentru a repara pagubele cauzate de ploile toren\u021biale din luna iunie 2024, care au distrus ora\u0219ul Orhei.<\/p>\n<p>Astfel, \u00eenc\u0103 o dat\u0103 ne reafirm\u0103m angajamentul fa\u021b\u0103 de oameni. Orheienii trebuie s\u0103 \u0219tie c\u0103 echipa lui Ilan \u0218or realizeaz\u0103 tot ce promite, iar acest pas important demonstreaz\u0103 c\u0103 ne pas\u0103 de comunitatea noastr\u0103, \u00een condi\u021biile \u00een care Guvernul PAS, Guvernul Maiei Sandu, iar\u0103\u0219i a dat piciorul orheienilor.<\/p>\n<p>Autorit\u0103\u021bile centrale nu au comentat deocamdat\u0103 aceste declara\u021bii.<\/p>\n<\/div>\n","protected":false},"excerpt":{"rendered":"<div><img loading=\"lazy\" decoding=\"async\" width=\"696\" height=\"458\" src=\"https:\/\/canal5.md\/wp-content\/uploads\/2025\/03\/719666-optimized.webp\" class=\"attachment-large size-large wp-post-image\" alt=\"\" srcset=\"https:\/\/canal5.md\/wp-content\/uploads\/2025\/03\/719666-optimized.webp 760w, https:\/\/canal5.md\/wp-content\/uploads\/2025\/03\/719666-300x197-optimized.webp 300w, https:\/\/canal5.md\/wp-content\/uploads\/2025\/03\/719666-696x458-optimized.webp 696w\">\u00a0Guvernul PAS pedepse\u0219te din nou locuitorii municipiului Orhei. O spune primarului Tatiana Cociu, care subliniaz\u0103 c\u0103 actuala guvernare a decis s\u0103 nu compenseze pagubele provocate de ploile toren\u021biale din municipiu, \u00een perioada iunie-septembrie 2024, l\u0103s\u00e2nd oamenii cu ochii \u00een soare. \u00cen acest context, Cociu a condamnat alocarea fondurilor din bugetul de stat pe criterii politice, [\u2026]<\/div>\n","protected":false},"author":1,"featured_media":69552,"comment_status":"closed","ping_status":"closed","sticky":false,"template":"","format":"standard","meta":{"jnews-multi-image_gallery":[],"jnews_single_post":[],"jnews_primary_category":[],"jnews_social_meta":[],"jnews_override_counter":[],"footnotes":""},"categories":[30],"tags":[],"class_list":["post-69551","post","type-post","status-publish","format-standard","has-post-thumbnail","hentry","category-social_ro"],"_links":{"self":[{"href":"https:\/\/orheifm.live\/index.php\/wp-json\/wp\/v2\/posts\/69551","targetHints":{"allow":["GET"]}}],"collection":[{"href":"https:\/\/orheifm.live\/index.php\/wp-json\/wp\/v2\/posts"}],"about":[{"href":"https:\/\/orheifm.live\/index.php\/wp-json\/wp\/v2\/types\/post"}],"author":[{"embeddable":true,"href":"https:\/\/orheifm.live\/index.php\/wp-json\/wp\/v2\/users\/1"}],"replies":[{"embeddable":true,"href":"https:\/\/orheifm.live\/index.php\/wp-json\/wp\/v2\/comments?post=69551"}],"version-history":[{"count":0,"href":"https:\/\/orheifm.live\/index.php\/wp-json\/wp\/v2\/posts\/69551\/revisions"}],"wp:featuredmedia":[{"embeddable":true,"href":"https:\/\/orheifm.live\/index.php\/wp-json\/wp\/v2\/media\/69552"}],"wp:attachment":[{"href":"https:\/\/orheifm.live\/index.php\/wp-json\/wp\/v2\/media?parent=69551"}],"wp:term":[{"taxonomy":"category","embeddable":true,"href":"https:\/\/orheifm.live\/index.php\/wp-json\/wp\/v2\/categories?post=69551"},{"taxonomy":"post_tag","embeddable":true,"href":"https:\/\/orheifm.live\/index.php\/wp-json\/wp\/v2\/tags?post=69551"}],"curies":[{"name":"wp","href":"https:\/\/api.w.org\/{rel}","templated":true}]}}