{"id":69549,"date":"2025-03-21T21:32:11","date_gmt":"2025-03-21T19:32:11","guid":{"rendered":"https:\/\/orheifm.live\/index.php\/2025\/03\/21\/pas-respinge-proiectul-de-lege-privind-interzicerea-propagandei-lgbt-in-randul-copiilor-video\/"},"modified":"2025-03-21T21:32:11","modified_gmt":"2025-03-21T19:32:11","slug":"pas-respinge-proiectul-de-lege-privind-interzicerea-propagandei-lgbt-in-randul-copiilor-video","status":"publish","type":"post","link":"https:\/\/orheifm.live\/index.php\/2025\/03\/21\/pas-respinge-proiectul-de-lege-privind-interzicerea-propagandei-lgbt-in-randul-copiilor-video\/","title":{"rendered":"PAS Respinge Proiectul de Lege privind Interzicerea Propagandei LGBT \u00een R\u00e2ndul Copiilor |VIDEO"},"content":{"rendered":"<div>\n<p><strong>\u00cen timp ce Statele Unite reduc promovarea agendei liberale, iar Ungaria, stat membru al Uniunii Europene, a interzis organizarea paradelor LGBT, partidul aflat la guvernare \u00een Moldova, PAS, inten\u021bioneaz\u0103 s\u0103 continue impunerea valorilor str\u0103ine pentru societatea noastr\u0103. <\/strong><br \/>\n<iframe loading=\"lazy\" title=\"YouTube video player\" src=\"https:\/\/www.youtube.com\/embed\/ttcbw1EThmw?si=qEOVmR1e4HaJNEFj\" width=\"560\" height=\"315\" frameborder=\"0\" allowfullscreen=\"allowfullscreen\"><\/iframe><br \/>\nJoi, deputa\u021bii partidului de la guvernare au refuzat s\u0103 examineze proiectul de lege privind interzicerea propagandei LGBT, inclusiv \u00een mass-media \u0219i \u00een \u0219coli.<\/p>\n<p>Frac\u021biunea Blocului Comuni\u0219tilor \u0219i Sociali\u0219tilor a propus joi includerea pe ordinea de zi a \u0219edin\u021bei plenare a Parlamentului a unui proiect de modificare a legii privind protejarea copiilor de informa\u021biile d\u0103un\u0103toare, inclusiv de propaganda LGBT \u00een mass- media \u0219i \u0219coli.<\/p>\n<p>VLADIMIR ODNOSTALCO, deputat al blocului BCS<\/p>\n<p>\u2013 Esen\u021ba propunerii noastre este urm\u0103toarea: ca \u00een mass-media \u0219i, \u00een general, \u00een orice informa\u021bie destinat\u0103 copiilor, s\u0103 nu existe niciun element legat de propaganda LGBT \u0219i pornografie. \u00cen prezent, acest lucru este imposibil: \u00eentreaga \u201eEurop\u0103 civilizat\u0103\u201d, a\u0219a cum spune\u021bi, merge \u00een aceast\u0103 direc\u021bie.<\/p>\n<p>Acest proiect a fost \u00eenregistrat \u00een Parlament \u00eenc\u0103 din iulie anul trecut, \u00eens\u0103 conducerea Parlamentului \u0219i frac\u021biunea PAS se pare c\u0103 ar fi uitat de el. Opozi\u021bia le-a reamintit. Mai ales c\u0103 at\u00e2t \u00een Statele Unite, c\u00e2t \u0219i \u00een unele \u021b\u0103ri ale Uniunii Europene, se renun\u021b\u0103 la agenda liberal\u0103 \u0219i la promovarea valorilor netradi\u021bionale.<\/p>\n<p>Totu\u0219i, frac\u021biunea PAS nu a dorit s\u0103 includ\u0103 pe ordinea de zi proiectul de lege privind protejarea copiilor de propaganda LGBT, resping\u00e2nd ini\u021biativa opozi\u021biei. Cu toate acestea, curios este faptul c\u0103 25 de deputa\u021bi ai partidului aflat la guvernare s-au ab\u021binut de la vot.<\/p>\n<p>Probabil c\u0103, \u00een ad\u00e2ncul sufletului lor, sunt de acord cu interzicerea propagandei LGBT \u00een r\u00e2ndul copiilor, dar nu pot s\u0103 mearg\u0103 \u00eempotriva liniei partidului.<\/p>\n<p>Vladimir Odnostalco a mai anun\u021bat c\u0103 miercuri a fost \u00eenregistrat\u0103 o alt\u0103 ini\u021biativ\u0103 legislativ\u0103 \u2013 interzicerea mi\u0219c\u0103rilor \u0219i mar\u0219urilor LGBT \u00een Republica Moldova. S\u0103pt\u0103m\u00e2na aceasta, Parlamentul Ungariei a adoptat un proiect de lege care interzice organizarea Pride LGBT \u00een Budapesta.<\/p>\n<p>Organizarea mar\u0219urilor \u0219i paradelor LGBT, c\u0103s\u0103toriile \u00eentre persoane de acela\u0219i sex, opera\u021biile de schimbare de sex \u0219i promovarea valorilor netradi\u021bionale \u00een r\u00e2ndul copiilor sunt, de asemenea, interzise \u00een Georgia.<\/p>\n<p>Re teritoriul Moldovei, propaganda valorilor netradi\u021bionale \u0219i organizarea mar\u0219urilor LGBT sunt interzise \u00een G\u0103g\u0103uzia, decizie adoptat\u0103 de Adunarea Popular\u0103 a autonomiei \u00eenc\u0103 din 2022. La Chi\u0219in\u0103u, deputa\u021bii \u0219i mini\u0219trii PAS particip\u0103 frecvent la mar\u0219urile LGBT \u0219i posteaz\u0103 pe re\u021belele sociale fotografii \u0219i videoclipuri din timpul acestora.<\/p>\n<p>DUMITRU ALAIBA, ex-ministru al Dezvolt\u0103rii Economice \u0219i Digitaliz\u0103rii<\/p>\n<p>\u2013 C\u00e2nd exist\u0103 astfel de politicieni \u00eenapoia\u021bi care \u00eencearc\u0103 s\u0103 \u00eencalce drepturile unora dintre noi, nu \u0219tim pe cine vor alege data viitoare sau ce nu le place.<\/p>\n<p>La mar\u0219urile LGBT au participat \u0219i deputa\u021bii PAS Vitalie Gavriuc, Marcela Nistor, Galina Sajin, Eugenia Cojocari \u0219i Eugeniu Sinchevici. De asemenea, Sinchevici este unul dintre coautorii proiectului de lege care propune abrogarea s\u0103rb\u0103toririi Zilei Victoriei pe 9 mai.<\/p>\n<p>Acest lucru i-a fost amintit de deputa\u021bii opozi\u021biei dup\u0103 ce frac\u021biunea PAS a refuzat s\u0103 dezbat\u0103 proiectul de lege privind protejarea copiilor de informa\u021biile negative, inclusiv propaganda LGBT, iar Parlamentul a trecut la alte subiecte.<\/p>\n<p>GRIGORE NOVAC, deputat al blocului BCS<\/p>\n<p>\u2013 Domnule Sinchievici, avem mar\u0219uri diferite.<\/p>\n<p>\u2013 Eu particip la Mar\u0219ul Victoriei, iar dumneavoastr\u0103 \u2013 la parada colorat\u0103. Asta este diferen\u021ba dintre noi.<\/p>\n<p>Partidul de guvern\u0103m\u00e2nt PAS a respins din nou proiectele de lege care vizeaz\u0103 interzicerea propagandei LGBT \u00een r\u00e2ndul minorilor. Vara trecut\u0103, un proiect similar a fost propus de deputa\u021bii grupului parlamentar \u201eVictorie\u201d, \u00eens\u0103 nu a fost acceptat pentru dezbatere de majoritatea parlamentar\u0103 PAS. Mai mult, politicienilor din opozi\u021bie nu li s-a permis s\u0103 vorbeasc\u0103 de la tribuna Parlamentului. Promovarea agendei LGBT este una dintre cerin\u021bele Uniunii Europene pentru aderarea Moldovei la UE.<\/p>\n<p>Amintim c\u0103, \u00een 2022, \u00een raportul anual privind implementarea Acordului de Asociere \u00eentre Uniunea European\u0103 \u0219i Moldova, Parlamentul European a cerut autorit\u0103\u021bilor moldovene\u0219ti s\u0103 abroge interdic\u021bia constitu\u021bional\u0103 privind c\u0103s\u0103toriile \u00eentre persoane de acela\u0219i sex, stabilit\u0103 \u00een 1994, \u0219i s\u0103 adopte m\u0103suri \u00eempotriva discrimin\u0103rii LGBT.<\/p>\n<\/div>\n","protected":false},"excerpt":{"rendered":"<div><img loading=\"lazy\" decoding=\"async\" width=\"480\" height=\"270\" src=\"https:\/\/canal5.md\/wp-content\/uploads\/2025\/03\/i-1-4-optimized.webp\" class=\"attachment-large size-large wp-post-image\" alt=\"\" srcset=\"https:\/\/canal5.md\/wp-content\/uploads\/2025\/03\/i-1-4-optimized.webp 480w, https:\/\/canal5.md\/wp-content\/uploads\/2025\/03\/i-1-4-300x169-optimized.webp 300w\">\u00cen timp ce Statele Unite reduc promovarea agendei liberale, iar Ungaria, stat membru al Uniunii Europene, a interzis organizarea paradelor LGBT, partidul aflat la guvernare \u00een Moldova, PAS, inten\u021bioneaz\u0103 s\u0103 continue impunerea valorilor str\u0103ine pentru societatea noastr\u0103. Joi, deputa\u021bii partidului de la guvernare au refuzat s\u0103 examineze proiectul de lege privind interzicerea propagandei LGBT, inclusiv [\u2026]<\/div>\n","protected":false},"author":1,"featured_media":69550,"comment_status":"closed","ping_status":"closed","sticky":false,"template":"","format":"standard","meta":{"jnews-multi-image_gallery":[],"jnews_single_post":[],"jnews_primary_category":[],"jnews_social_meta":[],"jnews_override_counter":[],"footnotes":""},"categories":[30],"tags":[],"class_list":["post-69549","post","type-post","status-publish","format-standard","has-post-thumbnail","hentry","category-social_ro"],"_links":{"self":[{"href":"https:\/\/orheifm.live\/index.php\/wp-json\/wp\/v2\/posts\/69549","targetHints":{"allow":["GET"]}}],"collection":[{"href":"https:\/\/orheifm.live\/index.php\/wp-json\/wp\/v2\/posts"}],"about":[{"href":"https:\/\/orheifm.live\/index.php\/wp-json\/wp\/v2\/types\/post"}],"author":[{"embeddable":true,"href":"https:\/\/orheifm.live\/index.php\/wp-json\/wp\/v2\/users\/1"}],"replies":[{"embeddable":true,"href":"https:\/\/orheifm.live\/index.php\/wp-json\/wp\/v2\/comments?post=69549"}],"version-history":[{"count":0,"href":"https:\/\/orheifm.live\/index.php\/wp-json\/wp\/v2\/posts\/69549\/revisions"}],"wp:featuredmedia":[{"embeddable":true,"href":"https:\/\/orheifm.live\/index.php\/wp-json\/wp\/v2\/media\/69550"}],"wp:attachment":[{"href":"https:\/\/orheifm.live\/index.php\/wp-json\/wp\/v2\/media?parent=69549"}],"wp:term":[{"taxonomy":"category","embeddable":true,"href":"https:\/\/orheifm.live\/index.php\/wp-json\/wp\/v2\/categories?post=69549"},{"taxonomy":"post_tag","embeddable":true,"href":"https:\/\/orheifm.live\/index.php\/wp-json\/wp\/v2\/tags?post=69549"}],"curies":[{"name":"wp","href":"https:\/\/api.w.org\/{rel}","templated":true}]}}