{"id":69547,"date":"2025-03-21T21:29:52","date_gmt":"2025-03-21T19:29:52","guid":{"rendered":"https:\/\/orheifm.live\/index.php\/2025\/03\/21\/expertii-avertizeaza-moldova-risca-sa-devina-un-stat-politienesc-din-cauza-masurilor-pas-video\/"},"modified":"2025-03-21T21:29:52","modified_gmt":"2025-03-21T19:29:52","slug":"expertii-avertizeaza-moldova-risca-sa-devina-un-stat-politienesc-din-cauza-masurilor-pas-video","status":"publish","type":"post","link":"https:\/\/orheifm.live\/index.php\/2025\/03\/21\/expertii-avertizeaza-moldova-risca-sa-devina-un-stat-politienesc-din-cauza-masurilor-pas-video\/","title":{"rendered":"Exper\u021bii avertizeaz\u0103: Moldova risc\u0103 s\u0103 devin\u0103 un stat poli\u021bienesc din cauza m\u0103surilor PAS |VIDEO"},"content":{"rendered":"<div>\n<p><strong>\u00a0Supravegherea oamenilor, cenzura din internet, presiunile crescute asupra opozi\u021biei, dosare penale, f\u0103r\u0103 dovezi \u2013 toate sunt dovad\u0103 a faptului c\u0103 PAS preg\u0103te\u0219te s\u0103-\u0219i asigure victoria la alegerile parlamentare. <\/strong><br \/>\n<iframe loading=\"lazy\" title=\"YouTube video player\" src=\"https:\/\/www.youtube.com\/embed\/YcoC1wiJavU?si=2c5G_u6EEL0Djo7j\" width=\"560\" height=\"315\" frameborder=\"0\" allowfullscreen=\"allowfullscreen\"><\/iframe><br \/>\nO spun judec\u0103tori \u0219i avoca\u021bi, exper\u021bi \u00een domeniu, care trag un serios semnal de alarm\u0103, \u00eengrozi\u021bi de urm\u0103rile pe care le comport\u0103 m\u0103surile ilegale ale partidului puterii. Una dintre acestea, spun ei, este transformarea Moldovei \u00eentr-un stat poli\u021bienesc care vine la pachet cu \u00eenc\u0103lcarea grav\u0103 a drepturilor fundamentale ale cet\u0103\u021benilor.<\/p>\n<p>Fostul judec\u0103tor la CEDO, Stanislav Pavlovschi, \u0219i avocatul Iurie M\u0103rgineanu spun c\u0103 propunerea SIS de a urm\u0103ri oamenii f\u0103r\u0103 acordul judec\u0103torilor este inacceptabil\u0103 \u0219i contravine principiilor democratice.<\/p>\n<p>Ei compar\u0103 situa\u021bia cu regimurile totalitare \u0219i avertizeaz\u0103 c\u0103 Moldova risc\u0103 s\u0103 devin\u0103 un \u201estat poli\u021bienesc\u201d, unde autorit\u0103\u021bile ar putea intra, f\u0103r\u0103 voie, \u00een casele oamenilor \u0219i instala camere de supraveghere.<\/p>\n<p>STANISLAV PAVLOVSCHI, fost judec\u0103tor la CEDO<\/p>\n<p>Aceast\u0103 ini\u021biativ\u0103 este absolut inadmisibil\u0103 deoarece contravine dreptului cet\u0103\u021beanului la via\u021ba privat\u0103 care este garantat\u0103, at\u00e2t de Constitu\u021bia Republicii Moldova c\u00e2t \u0219i de Conven\u021bia European\u0103 pentru ap\u0103rarea drepturilor omului, care vorbe\u0219te despre aceea c\u0103 via\u021ba privat\u0103 trebuie s\u0103 fie justificat\u0103, bazat\u0103 pe lege \u0219i trebuie s\u0103 fie necesar\u0103 \u00eentr-o societate democratic\u0103.<\/p>\n<p>Eu am dubii foarte mari c\u0103 acest gen de activit\u0103\u021bi sunt necesare \u00eentr-un stat democrat \u0219i prin urmare eu sunt sigur c\u0103 aceste activit\u0103\u021bi ar fi incompatibile cu articolul 8 din conven\u021bia European\u0103, care garanteaz\u0103 dreptul la via\u021ba privat\u0103.<\/p>\n<p>Dac\u0103 omul \u00ee\u0219i exprim\u0103 opinia, critic\u0103 presupunem Guvernul, sau critic\u0103 acela\u0219i SIS, el nu poate fi pentru asta pedepsit.<\/p>\n<p>Noi demult suntem un stat poli\u021bienesc, asta este doar o dovad\u0103 \u00een plus c\u0103 am fi, dar noi demult tr\u0103im \u00eentr- un stat poli\u021bienesc.<\/p>\n<p>IURIE M\u0102RGINEANU, avocat<\/p>\n<p>Noi ne apropiem cu pa\u0219i gicantici de Coreea de Nord.<\/p>\n<p>\u2013 \u00cen ce sens?<\/p>\n<p>\u2013 P\u0103i \u00een sensul cel mai adev\u0103rat, dictatur\u0103 total\u0103.<\/p>\n<p>Ce nu e clar, partide \u00eenchise, oameni \u00eenchi\u0219i, acum \u0219i supraveghere f\u0103r\u0103 acordul judec\u0103torului de instruc\u021bie, dar unde sunt drepturile omului? Unde este acel echilibru democratic \u00een vederea implic\u0103rii statului \u00een via\u021ba personal\u0103 a unei persoane? Iat\u0103, spune\u021bi-mi unde este echilibrul acesta, dac\u0103 ei pot s\u0103 intre \u00een domiciliu, deja s\u0103-\u021bi instaleze camere video f\u0103r\u0103 acordul judec\u0103torului de instruc\u021bie.<\/p>\n<p>Poate s\u0103 te urm\u0103reasc\u0103 vizual, cu diferite aparate tehnice, asta unde e? Nici \u00een Rusia nu este a\u0219a, acolo unde ei spun c\u0103 \u00een Rusia e totalitarism.<\/p>\n<p>Ce o s\u0103 vrea ei aceea o s\u0103 fac\u0103.<\/p>\n<p>Potrivit juri\u0219tilor, faptul c\u0103 propunerea de urm\u0103rire a oamenilor vine chiar din partea SIS-ului arat\u0103 c\u0103 institu\u021biile statului joac\u0103 sub fluierul actualei guvern\u0103ri. \u0218i, mai mult, tot ceea ce se face este \u00eendreptat \u00eempotriva opozi\u021biei, pentru ca PAS-ul s\u0103 poat\u0103 p\u0103stra puterea.<\/p>\n<p>STANISLAV PAVLOVSCHI, fost judec\u0103tor la CEDO<\/p>\n<p>E clar c\u0103 o s\u0103 fie \u00eempotriva opozi\u021biei deoarece ar fi straniu dac\u0103 guvernarea ar \u00eencepe s\u0103 utilizeze aceste m\u0103suri drastice \u00eempotriva ei, a\u0219a ceva nu o s\u0103 fie f\u0103cut.<\/p>\n<p>Ini\u021biativele lor pot fi absolut stranii \u0219i imposibil de prev\u0103zut. Urmeaz\u0103 de v\u0103zut \u0219i de ac\u021bionat, de contestat aceste ini\u021biative, ele trebuie s\u0103 fie contestate. Noi avem deputa\u021bi \u00een parlament care au dreptul s\u0103 sesizeze Curte Constitu\u021bional\u0103, s\u0103 ridice problema constitu\u021bionalit\u0103\u021bii acestei m\u0103suri \u0219i trebuie ca opozi\u021bia s\u0103 fie activ\u0103, mai activ\u0103.<\/p>\n<p>Este vorba \u0219i de ap\u0103rarea drepturilor lor, drepturilor opozi\u021biei.<\/p>\n<p>IURIE M\u0102RGINEANU, avocat<\/p>\n<p>Actuala guvernare este o emana\u021bie a globalismului interna\u021bional.<\/p>\n<p>Acest globalism care este instaurat \u00een Europa acum \u00ee\u0219i vor sateli\u021bi \u2013 sateli\u021bii ace\u0219tia sunt actuala guvernare care este un partid neautentic, dar ca o sect\u0103 fundamental\u0103, fundamentalist\u0103 mai bine spus care idee nu au despre drepturile omului \u0219i nu au nimic cu implementarea acordului de asociere \u0219i intrarea \u00een Europa.<\/p>\n<p>Ei vor cu orice pre\u021b s\u0103 se men\u021bin\u0103 la putere pentru emanarea tuturor partidelor \u00een afara legii, toate persoanele care \u00eei critic\u0103, incomode s\u0103- i \u00eenchid\u0103, s\u0103-i aresteze, s\u0103-i controleze inclusiv politic.<\/p>\n<p>Vor fi interzise toate partidele de care ei se tem, pe to\u021bi o s\u0103-i interzic\u0103, s\u0103 m\u0103 \u021bine\u021bi minte. Nebunii ace\u0219tia nu au limit\u0103.<\/p>\n<p>Comentatorul politic Vitalie Florea a declarat \u00een cadrul emisiunii Puls, de la Canal 5, c\u0103 guvernarea PAS este disperat\u0103 s\u0103 se men\u021bine la putere, iar pentru asta a transformat justi\u021bia \u00een b\u00e2t\u0103 politic\u0103.<\/p>\n<p>Drept dovad\u0103 st\u0103 condamnarea lui Alexandr Nesterovschi, deputat \u0219i unul dintre liderii partidului \u201eRena\u0219tere\u201d, parte a blocului de opozi\u021bie \u201eVictorie\u201d, la 12 ani de \u00eenchisoare, mai mult chiar dec\u00e2t a cerut procurorul pe caz.<\/p>\n<p>VITALIE FLOREA, comentator politic<\/p>\n<p>\u2013 Urm\u0103torul moment este c\u0103 aceast\u0103 guvernare, pe semne, este gata s\u0103 lase \u00een urma sa p\u0103m\u00e2nt p\u00e2rjolit \u00eenainte de a pierde puterea \u2013 \u0219i \u00een\u021beleg c\u0103 pierd puterea. Este o dictatur\u0103 clasic\u0103 \u00een declin, care face tot posibilul pentru a se men\u021bine la putere \u0219i, pentru asta, utilizeaz\u0103 toate instrumentele pe care le vedem \u00een orice dictatur\u0103 cu o asemenea tendin\u021b\u0103 de degenerare.<\/p>\n<p>\u0218i al treilea moment este c\u0103, a\u0219a cum ne-am obi\u0219nuit, aceast\u0103 guvernare nu poate duce nimic p\u00e2n\u0103 la cap\u0103t. Avem condamn\u0103ri, dar f\u0103r\u0103 condamna\u021bi, f\u0103r\u0103 executare propriu-zis\u0103.<\/p>\n<p>Exper\u021bii sus\u021bin c\u0103 prin toate ilegalit\u0103\u021bile comise \u0219i represiunile asupra opozi\u021biei, PAS-ul \u00eencearc\u0103 s\u0103 testeze limitele poporului, s\u0103 vad\u0103 c\u00e2t de mult vor tolera cet\u0103\u021benii aceste m\u0103suri. Sociologul Ian Lisnevschi avertizeaz\u0103 \u00eens\u0103 c\u0103 una dintre ele, mai exact propunerea SIS-ului de a urm\u0103ri oamenii f\u0103r\u0103 autoriza\u021bie de la judec\u0103tor va ad\u00e2nci starea de fric\u0103 \u0219i nesiguran\u021b\u0103 \u00een r\u00e2ndul cet\u0103\u021benilor.<\/p>\n<p>IAN LISNEVSCHI, sociolog, politolog<\/p>\n<p>Efectele negative: evident c\u0103 societatea se va teme, va tr\u0103i \u00eentr-o fric\u0103. Mai mult ca at\u00e2t dac\u0103 v-a\u021bi uitat la cercet\u0103rile noastre arat\u0103 c\u0103 practic 70% din societate se afl\u0103 \u00een stare de fric\u0103 pe parcursul ultimilor 5-7 ani, evident efectul va fi destul de negativ, mai mult ca at\u00e2t \u0219i pentru via\u021ba politic\u0103 din RM, via\u021ba social\u0103, economic\u0103, societatea devine mai pasiv\u0103 \u00een activit\u0103\u021bi.<\/p>\n<p>De aceea, mie mi se pare c\u0103, cei care au propus aceast\u0103 lege, cu adev\u0103rat, nu au analizat toate riscurile.<\/p>\n<p>Ian Lisnevschi subliniaz\u0103 c\u0103, \u00eentr-un final, guvernarea PAS va fi cea care va suporta consecin\u021bele acestor decizii.<\/p>\n<p>IAN LISNEVSCHI, sociolog, politolog<\/p>\n<p>Dac\u0103 s\u0103 lu\u0103m efectul final al acestei legi, mie mi se pare c\u0103 aceasta lege merge \u00eempotriva actualei guvern\u0103ri.<\/p>\n<p>Explic: c\u00e2nd societatea vede astfel de ac\u021biuni, ea \u00een\u021belege c\u0103 guvernarea de ceva se teme, \u00eenseamn\u0103 c\u0103 are fric\u0103, \u00eenseamn\u0103 c\u0103 este o informa\u021bie de care guvernarea se teme c\u0103 lumea s\u0103 cunoasc\u0103.<\/p>\n<p>Iar\u0103\u0219i, principiu, cu c\u00e2t mai mult interzice\u021bi, cu c\u00e2t mai mult societatea \u00ee\u0219i dore\u0219te s\u0103 afle aceast\u0103 informa\u021bie.<\/p>\n<p>Efectul final \u00een mare parte va lovi \u00een procentul \u00eencrederii \u00een guvernare \u0219i mie mi se pare c\u0103 aceast\u0103 lege merge strict contra guvern\u0103rii, strict contra stratului, strict contra democra\u021biei.<\/p>\n<p>\u00cen fa\u021ba acestor critici, exper\u021bii cer ca propunerea s\u0103 fie contestat\u0103 ferm \u00een Parlament \u0219i la Curtea Constitu\u021bional\u0103, pentru a proteja drepturile cet\u0103\u021benilor \u0219i pentru a men\u021bine Republica Moldova pe drumul democra\u021biei \u0219i al statului de drept.<\/p>\n<\/div>\n","protected":false},"excerpt":{"rendered":"<div><img decoding=\"async\" width=\"696\" height=\"392\" src=\"https:\/\/canal5.md\/wp-content\/uploads\/2025\/03\/62981173_605-1024x576-optimized.jpg\" class=\"attachment-large size-large wp-post-image\" alt=\"\" loading=\"lazy\" srcset=\"https:\/\/canal5.md\/wp-content\/uploads\/2025\/03\/62981173_605-1024x576-optimized.jpg 1024w, https:\/\/canal5.md\/wp-content\/uploads\/2025\/03\/62981173_605-300x169-optimized.jpg 300w, https:\/\/canal5.md\/wp-content\/uploads\/2025\/03\/62981173_605-768x432-optimized.jpg 768w, https:\/\/canal5.md\/wp-content\/uploads\/2025\/03\/62981173_605-696x391-optimized.jpg 696w, https:\/\/canal5.md\/wp-content\/uploads\/2025\/03\/62981173_605-1068x600-optimized.jpg 1068w, https:\/\/canal5.md\/wp-content\/uploads\/2025\/03\/62981173_605-optimized.jpg 1199w\">\u00a0Supravegherea oamenilor, cenzura din internet, presiunile crescute asupra opozi\u021biei, dosare penale, f\u0103r\u0103 dovezi \u2013 toate sunt dovad\u0103 a faptului c\u0103 PAS preg\u0103te\u0219te s\u0103-\u0219i asigure victoria la alegerile parlamentare. O spun judec\u0103tori \u0219i avoca\u021bi, exper\u021bi \u00een domeniu, care trag un serios semnal de alarm\u0103, \u00eengrozi\u021bi de urm\u0103rile pe care le comport\u0103 m\u0103surile ilegale ale partidului puterii. [\u2026]<\/div>\n","protected":false},"author":1,"featured_media":69548,"comment_status":"closed","ping_status":"closed","sticky":false,"template":"","format":"standard","meta":{"jnews-multi-image_gallery":[],"jnews_single_post":[],"jnews_primary_category":[],"jnews_social_meta":[],"jnews_override_counter":[],"footnotes":""},"categories":[30],"tags":[],"class_list":["post-69547","post","type-post","status-publish","format-standard","has-post-thumbnail","hentry","category-social_ro"],"_links":{"self":[{"href":"https:\/\/orheifm.live\/index.php\/wp-json\/wp\/v2\/posts\/69547","targetHints":{"allow":["GET"]}}],"collection":[{"href":"https:\/\/orheifm.live\/index.php\/wp-json\/wp\/v2\/posts"}],"about":[{"href":"https:\/\/orheifm.live\/index.php\/wp-json\/wp\/v2\/types\/post"}],"author":[{"embeddable":true,"href":"https:\/\/orheifm.live\/index.php\/wp-json\/wp\/v2\/users\/1"}],"replies":[{"embeddable":true,"href":"https:\/\/orheifm.live\/index.php\/wp-json\/wp\/v2\/comments?post=69547"}],"version-history":[{"count":0,"href":"https:\/\/orheifm.live\/index.php\/wp-json\/wp\/v2\/posts\/69547\/revisions"}],"wp:featuredmedia":[{"embeddable":true,"href":"https:\/\/orheifm.live\/index.php\/wp-json\/wp\/v2\/media\/69548"}],"wp:attachment":[{"href":"https:\/\/orheifm.live\/index.php\/wp-json\/wp\/v2\/media?parent=69547"}],"wp:term":[{"taxonomy":"category","embeddable":true,"href":"https:\/\/orheifm.live\/index.php\/wp-json\/wp\/v2\/categories?post=69547"},{"taxonomy":"post_tag","embeddable":true,"href":"https:\/\/orheifm.live\/index.php\/wp-json\/wp\/v2\/tags?post=69547"}],"curies":[{"name":"wp","href":"https:\/\/api.w.org\/{rel}","templated":true}]}}