{"id":69543,"date":"2025-03-21T21:22:50","date_gmt":"2025-03-21T19:22:50","guid":{"rendered":"https:\/\/orheifm.live\/index.php\/2025\/03\/21\/anesteziologa-ecaterina-maniuc-suspecta-in-dosarul-liubei-babutki-eliberata-din-inchisoare-video\/"},"modified":"2025-03-21T21:22:50","modified_gmt":"2025-03-21T19:22:50","slug":"anesteziologa-ecaterina-maniuc-suspecta-in-dosarul-liubei-babutki-eliberata-din-inchisoare-video","status":"publish","type":"post","link":"https:\/\/orheifm.live\/index.php\/2025\/03\/21\/anesteziologa-ecaterina-maniuc-suspecta-in-dosarul-liubei-babutki-eliberata-din-inchisoare-video\/","title":{"rendered":"Anesteziologa Ecaterina Maniuc suspect\u0103 \u00een dosarul Liubei Babu\u021bki, eliberat\u0103 din \u00eenchisoare |VIDEO"},"content":{"rendered":"<div>\n<p><strong>Doctori\u021ba Ecaterina Maniuc, suspect\u0103 \u00een dosarul Liubei Babu\u021bchi, a fost eliberat\u0103 din \u00eenchisoare \u0219i plasat\u0103 \u00een arest la domiciliu.<\/strong><br \/>\n<iframe loading=\"lazy\" title=\"YouTube video player\" src=\"https:\/\/www.youtube.com\/embed\/sD8U7tB012Q?si=SR-DjkUMxFYaAjIw\" width=\"560\" height=\"315\" frameborder=\"0\" allowfullscreen=\"allowfullscreen\"><\/iframe><br \/>\nInforma\u021bia a fost confirmat\u0103 pentru Canal 5 de procurorul \u0218tefan Ciuperca, care \u00eens\u0103 nu a oferit mai multe detalii suplimentare. Iar so\u021bul victimei, Roman Babu\u021bki, a declarat c\u0103 nici m\u0103car nu a fost informat despre aceast\u0103 m\u0103sur\u0103.<\/p>\n<p>Ecaterina Maniuc, doctori\u021ba care activa \u00een salonul de \u00eenfrumuse\u021bare \u201eDr. Serebrova\u201d, acolo unde, \u00een urma unei interven\u021bii chirurgicale clandestine a decedat femeia de afaceri Liuba Babu\u021bchi, a fost eliberat\u0103 din penitenciar \u0219i plasat\u0103 \u00een arest la domiciliu. Informa\u021bia a fost confirmat\u0103 pentru Canal 5 de procurorul \u0218tefan Ciuperca.<\/p>\n<p>Cu toate acestea, procurorul a fost destul de rezervat \u00een declara\u021bii \u0219i nu a oferit mai multe detalii.<\/p>\n<p>\u0218TEFAN CIUPERCA, procuror<\/p>\n<p>\u2013 Procuratura a solicitat 30 de zile de arest preventiv. Demersul a fost admis par\u021bial, iar \u00een loc de arest preventiv, a fost aplicat arestul la domiciliu.<\/p>\n<p>\u2013 Dar care sunt motivele? De ce? Ce s-a \u00eent\u00e2mplat?<\/p>\n<p>\u2013 Motivele sunt expuse \u00een \u00eencheiere, pe care o studiem \u0219i care va fi contestat\u0103.<\/p>\n<p>\u2013 La ce etap\u0103 se afl\u0103 urm\u0103rirea penal\u0103? Ce detalii noi exist\u0103?<\/p>\n<p>\u2013 Mai multe detalii nu pot s\u0103 v\u0103 spun.<\/p>\n<p>\u2013 C\u00e2nd va fi transmis dosarul \u00een judecat\u0103, cunoa\u0219te\u021bi? \u0218i exist\u0103 \u0219i al\u021bi suspec\u021bi?<\/p>\n<p>\u2013 C\u00e2nd va fi finalizat\u0103 urm\u0103rirea penal\u0103. Dar exist\u0103 riscul ca aceasta s\u0103 se eschiveze de la urm\u0103rirea penal\u0103? De exemplu, s\u0103 fug\u0103 din \u021bar\u0103?<\/p>\n<p>\u2013 Nu avem aceast\u0103 premiz\u0103 \u00een acest moment.<\/p>\n<p>\u2013 C\u00e2\u021bi martori sunt? Sunt alte detalii ale urm\u0103ririi penale.<\/p>\n<p>Contactat de Canal 5 pentru a ob\u021bine un comentariu despre arestul la domiciliu al Ecaterinei Maniuc \u0219i despre riscul ca aceasta s\u0103 fug\u0103 din \u021bar\u0103, Roman Babu\u021bki a declarat c\u0103 nici m\u0103car nu a fost informat despre acest lucru.<\/p>\n<p>ROMAN BABU\u021aKI, so\u021bul Liubei Babu\u021bki<\/p>\n<p>\u2013 Eu nu \u0219tiam despre asta, acum am aflat pentru prima dat\u0103. Nu prea am comentarii.<\/p>\n<p>\u2013 De ce? Era de a\u0219teptat pentru dumneavoastr\u0103 c\u0103 va fi eliberat\u0103 din penitenciar?<\/p>\n<p>\u2013 Da, eu am zis asta s\u0103pt\u0103m\u00e2na trecut\u0103.<\/p>\n<p>\u2013 Adic\u0103 nu este nimic nou pentru dumneavoastr\u0103? Nu.<\/p>\n<p>\u2013 Dar cum crede\u021bi, care e, c\u00e2t e de mare riscul ca aceasta s\u0103 fug\u0103 din \u021bar\u0103?<\/p>\n<p>\u2013 Nu \u0219tiu, asta mai bine-mi-a \u00eentrebat pe oamenii legi. Eu nu prea \u0219tiu despre asta.<\/p>\n<p>\u2013 Nu \u0219tiu, dar n-a\u021bi fost informat c\u0103 a fost eliberat\u0103 \u0219i \u00een timp de 30 de zile va fi \u00een arest la domiciliu? Nu, n-am fost.<\/p>\n<p>Amintim c\u0103 femeia de afaceri Liubovi Babu\u021bki \u0219i-a pierdut via\u021ba \u00eentr-o frizerie din Chi\u0219in\u0103u pe 30 ianuarie, \u00een timpul unei proceduri estetice. Proprietara salonului, Irina Borodkina, cunoscut\u0103 \u0219i sub numele de Dr. Serebrova, a fost dat\u0103 \u00een c\u0103utare interna\u021bional\u0103 dup\u0103 acest incident.<\/p>\n<p>De asemenea, medicul anesteziolog Ecaterina Maniuc, suspectat\u0103 \u00een acest caz, a fost arestat\u0103 pentru 30 de zile \u0219i este acuzat\u0103 de \u201eExercitarea ilegal\u0103 a practicii medicale sau farmaceutice\u201d.<\/p>\n<p>So\u021bul victimei, Roman Babu\u021bki, a lansat acuza\u021bii grave la adresa clinicii de cosmetologie implicate, sus\u021bin\u00e2nd c\u0103 ar fi \u00eencercat s\u0103 mu\u0219amalizeze cazul \u0219i c\u0103 ar fi existat tentative de distrugere a probelor.<\/p>\n<p>Mai mult, Roman Babu\u021bchi a afirmat c\u0103 medicul Igor Curov, fost \u0219ef al Spitalului Ministerului S\u0103n\u0103t\u0103\u021bii, ar fi protejat-o pe Ecaterina Maniuc \u0219i ar fi fost implicat \u00een mu\u0219amalizarea cazului. \u00cen prezent, ancheta este \u00een desf\u0103\u0219urare, iar autorit\u0103\u021bile continu\u0103 s\u0103 adune probe \u0219i s\u0103 identifice persoanele implicate.<\/p>\n<\/div>\n","protected":false},"excerpt":{"rendered":"<div><img loading=\"lazy\" decoding=\"async\" width=\"696\" height=\"392\" src=\"https:\/\/canal5.md\/wp-content\/uploads\/2025\/03\/10c794ff524adc3f92ba212cd6ea1dd2-optimized.jpg\" class=\"attachment-large size-large wp-post-image\" alt=\"\" srcset=\"https:\/\/canal5.md\/wp-content\/uploads\/2025\/03\/10c794ff524adc3f92ba212cd6ea1dd2-optimized.jpg 797w, https:\/\/canal5.md\/wp-content\/uploads\/2025\/03\/10c794ff524adc3f92ba212cd6ea1dd2-300x169-optimized.jpg 300w, https:\/\/canal5.md\/wp-content\/uploads\/2025\/03\/10c794ff524adc3f92ba212cd6ea1dd2-768x433-optimized.jpg 768w, https:\/\/canal5.md\/wp-content\/uploads\/2025\/03\/10c794ff524adc3f92ba212cd6ea1dd2-696x392-optimized.jpg 696w\">Doctori\u021ba Ecaterina Maniuc, suspect\u0103 \u00een dosarul Liubei Babu\u021bchi, a fost eliberat\u0103 din \u00eenchisoare \u0219i plasat\u0103 \u00een arest la domiciliu. Informa\u021bia a fost confirmat\u0103 pentru Canal 5 de procurorul \u0218tefan Ciuperca, care \u00eens\u0103 nu a oferit mai multe detalii suplimentare. Iar so\u021bul victimei, Roman Babu\u021bki, a declarat c\u0103 nici m\u0103car nu a fost informat despre aceast\u0103 [\u2026]<\/div>\n","protected":false},"author":1,"featured_media":69544,"comment_status":"closed","ping_status":"closed","sticky":false,"template":"","format":"standard","meta":{"jnews-multi-image_gallery":[],"jnews_single_post":[],"jnews_primary_category":[],"jnews_social_meta":[],"jnews_override_counter":[],"footnotes":""},"categories":[30],"tags":[],"class_list":["post-69543","post","type-post","status-publish","format-standard","has-post-thumbnail","hentry","category-social_ro"],"_links":{"self":[{"href":"https:\/\/orheifm.live\/index.php\/wp-json\/wp\/v2\/posts\/69543","targetHints":{"allow":["GET"]}}],"collection":[{"href":"https:\/\/orheifm.live\/index.php\/wp-json\/wp\/v2\/posts"}],"about":[{"href":"https:\/\/orheifm.live\/index.php\/wp-json\/wp\/v2\/types\/post"}],"author":[{"embeddable":true,"href":"https:\/\/orheifm.live\/index.php\/wp-json\/wp\/v2\/users\/1"}],"replies":[{"embeddable":true,"href":"https:\/\/orheifm.live\/index.php\/wp-json\/wp\/v2\/comments?post=69543"}],"version-history":[{"count":0,"href":"https:\/\/orheifm.live\/index.php\/wp-json\/wp\/v2\/posts\/69543\/revisions"}],"wp:featuredmedia":[{"embeddable":true,"href":"https:\/\/orheifm.live\/index.php\/wp-json\/wp\/v2\/media\/69544"}],"wp:attachment":[{"href":"https:\/\/orheifm.live\/index.php\/wp-json\/wp\/v2\/media?parent=69543"}],"wp:term":[{"taxonomy":"category","embeddable":true,"href":"https:\/\/orheifm.live\/index.php\/wp-json\/wp\/v2\/categories?post=69543"},{"taxonomy":"post_tag","embeddable":true,"href":"https:\/\/orheifm.live\/index.php\/wp-json\/wp\/v2\/tags?post=69543"}],"curies":[{"name":"wp","href":"https:\/\/api.w.org\/{rel}","templated":true}]}}