{"id":69541,"date":"2025-03-21T21:19:24","date_gmt":"2025-03-21T19:19:24","guid":{"rendered":"https:\/\/orheifm.live\/index.php\/2025\/03\/21\/roman-babutki-catre-nemerenco-dvs-ca-ministru-nu-sunteti-curioasa-de-unde-s-a-luat-anestezie-intr-o-frizerie-video\/"},"modified":"2025-03-21T21:19:24","modified_gmt":"2025-03-21T19:19:24","slug":"roman-babutki-catre-nemerenco-dvs-ca-ministru-nu-sunteti-curioasa-de-unde-s-a-luat-anestezie-intr-o-frizerie-video","status":"publish","type":"post","link":"https:\/\/orheifm.live\/index.php\/2025\/03\/21\/roman-babutki-catre-nemerenco-dvs-ca-ministru-nu-sunteti-curioasa-de-unde-s-a-luat-anestezie-intr-o-frizerie-video\/","title":{"rendered":"Roman Babu\u021bki c\u0103tre Nemerenco: \u201eDvs., ca ministru, nu sunte\u021bi curioas\u0103 de unde s-a luat anestezie \u00eentr-o frizerie?\u201d |VIDEO"},"content":{"rendered":"<div>\n<p><strong>Roman Babu\u021bki, so\u021bul femeii decedate \u00eentr-un salon de \u00eenfrumuse\u021bare din Chi\u0219in\u0103u, a reac\u021bionat la declara\u021biile ministrului S\u0103n\u0103t\u0103\u021bii, care a afirmat c\u0103 aceste centre nu intr\u0103 \u00een sfera de competen\u021b\u0103 a ministerului\u201d \u0219i, din contra, a \u00eencercat s\u0103 pun\u0103 pe spatele b\u0103rbatului responsabilitatea pentru decesul so\u021biei sale, \u00eentreb\u00e2ndu-l dac\u0103 a verificat vreodat\u0103 prezen\u021ba bonurilor de plat\u0103 la Liuba Babu\u021bki. <\/strong><br \/>\n<iframe loading=\"lazy\" title=\"YouTube video player\" src=\"https:\/\/www.youtube.com\/embed\/o5_wo_3b_pU?si=_1_9iqoRPIZNQV6j\" width=\"560\" height=\"315\" frameborder=\"0\" allowfullscreen=\"allowfullscreen\"><\/iframe><br \/>\n\u00cen cadrul emisiunii \u201eAvoca\u021bii Poporului\u201d, so\u021bul Liubei Babu\u021bki i-a r\u0103spuns Alei Nemerenco, dar i-a adresat \u0219i el mai multe \u00eentreb\u0103ri.<\/p>\n<p>Deocamdat\u0103, Nemerenco nu a venit cu o reac\u021bie la afirma\u021biile lui Babu\u021bki.<\/p>\n<p>ROMAN BABU\u021aKI, so\u021bul Liubei Babu\u021bki<\/p>\n<p>\u2013 Eu niciodat\u0103 nu am verificat bonurile de plat\u0103 ale so\u021biei mele, unde a fost \u0219i ce a cump\u0103rat. \u00centotdeauna am avut \u00eencredere \u00een ea, a\u0219a era obiceiul \u00een familia noastr\u0103.<\/p>\n<p>\u2013 Doamna Nemerenco, dvs a\u021bi spus c\u0103 a\u021bi v\u0103zut expertiza pe decesul Liubei, cuv\u00e2ntul \u201ePropofol\u201d nu v-a trezit interes, ca ministr\u0103 a S\u0103n\u0103t\u0103\u021bii, de unde \u00een salon a ap\u0103rut anestezie general\u0103?!<\/p>\n<p>R\u0103spunde\u021bi-mi, v\u0103 rog, dvs, ca ministra a S\u0103n\u0103t\u0103\u021bii, dup\u0103 ce a\u021bi demis-o pe Ecaterina Maniuc \u0219i Igor Curov din Spitalul Ministerului S\u0103n\u0103t\u0103\u021bii, nu v-a interesat de ce Maniuc, dup\u0103 ce a prestat servicii medicale ilegal, a lucrat la Institutul Mamei \u0219i Copilului?!<\/p>\n<\/div>\n","protected":false},"excerpt":{"rendered":"<div><img decoding=\"async\" width=\"696\" height=\"392\" src=\"https:\/\/canal5.md\/wp-content\/uploads\/2025\/03\/6c3c1830-672e-48e3-b3dc-12789daf6fb9-optimized.png\" class=\"attachment-large size-large wp-post-image\" alt=\"\" loading=\"lazy\" srcset=\"https:\/\/canal5.md\/wp-content\/uploads\/2025\/03\/6c3c1830-672e-48e3-b3dc-12789daf6fb9-optimized.png 800w, https:\/\/canal5.md\/wp-content\/uploads\/2025\/03\/6c3c1830-672e-48e3-b3dc-12789daf6fb9-300x169-optimized.png 300w, https:\/\/canal5.md\/wp-content\/uploads\/2025\/03\/6c3c1830-672e-48e3-b3dc-12789daf6fb9-768x432-optimized.png 768w, https:\/\/canal5.md\/wp-content\/uploads\/2025\/03\/6c3c1830-672e-48e3-b3dc-12789daf6fb9-696x392-optimized.png 696w\">Roman Babu\u021bki, so\u021bul femeii decedate \u00eentr-un salon de \u00eenfrumuse\u021bare din Chi\u0219in\u0103u, a reac\u021bionat la declara\u021biile ministrului S\u0103n\u0103t\u0103\u021bii, care a afirmat c\u0103 aceste centre nu intr\u0103 \u00een sfera de competen\u021b\u0103 a ministerului\u201d \u0219i, din contra, a \u00eencercat s\u0103 pun\u0103 pe spatele b\u0103rbatului responsabilitatea pentru decesul so\u021biei sale, \u00eentreb\u00e2ndu-l dac\u0103 a verificat vreodat\u0103 prezen\u021ba bonurilor de plat\u0103 [\u2026]<\/div>\n","protected":false},"author":1,"featured_media":69542,"comment_status":"closed","ping_status":"closed","sticky":false,"template":"","format":"standard","meta":{"jnews-multi-image_gallery":[],"jnews_single_post":[],"jnews_primary_category":[],"jnews_social_meta":[],"jnews_override_counter":[],"footnotes":""},"categories":[30],"tags":[],"class_list":["post-69541","post","type-post","status-publish","format-standard","has-post-thumbnail","hentry","category-social_ro"],"_links":{"self":[{"href":"https:\/\/orheifm.live\/index.php\/wp-json\/wp\/v2\/posts\/69541","targetHints":{"allow":["GET"]}}],"collection":[{"href":"https:\/\/orheifm.live\/index.php\/wp-json\/wp\/v2\/posts"}],"about":[{"href":"https:\/\/orheifm.live\/index.php\/wp-json\/wp\/v2\/types\/post"}],"author":[{"embeddable":true,"href":"https:\/\/orheifm.live\/index.php\/wp-json\/wp\/v2\/users\/1"}],"replies":[{"embeddable":true,"href":"https:\/\/orheifm.live\/index.php\/wp-json\/wp\/v2\/comments?post=69541"}],"version-history":[{"count":0,"href":"https:\/\/orheifm.live\/index.php\/wp-json\/wp\/v2\/posts\/69541\/revisions"}],"wp:featuredmedia":[{"embeddable":true,"href":"https:\/\/orheifm.live\/index.php\/wp-json\/wp\/v2\/media\/69542"}],"wp:attachment":[{"href":"https:\/\/orheifm.live\/index.php\/wp-json\/wp\/v2\/media?parent=69541"}],"wp:term":[{"taxonomy":"category","embeddable":true,"href":"https:\/\/orheifm.live\/index.php\/wp-json\/wp\/v2\/categories?post=69541"},{"taxonomy":"post_tag","embeddable":true,"href":"https:\/\/orheifm.live\/index.php\/wp-json\/wp\/v2\/tags?post=69541"}],"curies":[{"name":"wp","href":"https:\/\/api.w.org\/{rel}","templated":true}]}}