{"id":69539,"date":"2025-03-21T21:08:12","date_gmt":"2025-03-21T19:08:12","guid":{"rendered":"https:\/\/orheifm.live\/index.php\/2025\/03\/21\/accident-teribil-in-italia-un-tanar-din-r-moldova-a-murit-dupa-ce-s-a-izbit-de-un-camion\/"},"modified":"2025-03-21T21:08:12","modified_gmt":"2025-03-21T19:08:12","slug":"accident-teribil-in-italia-un-tanar-din-r-moldova-a-murit-dupa-ce-s-a-izbit-de-un-camion","status":"publish","type":"post","link":"https:\/\/orheifm.live\/index.php\/2025\/03\/21\/accident-teribil-in-italia-un-tanar-din-r-moldova-a-murit-dupa-ce-s-a-izbit-de-un-camion\/","title":{"rendered":"Accident teribil \u00een Italia. Un t\u00e2n\u0103r din R.Moldova a murit dup\u0103 ce s-a izbit de un camion"},"content":{"rendered":"<div>\n<p>Potrivit presei italiene, autorit\u0103\u021bile au fost alertate \u00een jurul orei 20:40 (ora local\u0103) cu privire la un accident \u00een care au fost implicate un scuter \u0219i un camion. La fa\u021ba locului au intervenit de urgen\u021b\u0103 poli\u021bia \u0219i echipajele medicale scrie <a href=\"https:\/\/www.deschide.md\/articole\/foto-accident-teribil-in-italia-un-tanar-din-r-moldova-a-murit-dupa-ce-s-a-izbit-de-un-camion\">deschide.md<\/a><\/p>\n<p>\u00cen urma primelor cercet\u0103ri, oamenii legii au stabilit c\u0103 moldoveanul, \u00een timp ce se deplasa cu scuterul, din motive \u00eenc\u0103 necunoscute, s-a izbit frontal de camion. T\u00e2n\u0103rul era \u00een stare critic\u0103 \u0219i a fost transportat de urgen\u021b\u0103 la spital. Din nefericire, moldoveanul a decedat la scurt timp din cauza r\u0103nilor grave.<\/p>\n<p>Potrivit autorit\u0103\u021bilor italiene, nu este clar deocamdat\u0103 dac\u0103 \u00een accident au fost implicate \u0219i alte vehicule sau dac\u0103 t\u00e2n\u0103rul a pierdut controlul scuterului \u00een timpul unei manevre riscante.<\/p>\n<p>Cazul este \u00een prezent investigat pentru a stabili toate circumstan\u021bele accidentului.<\/p>\n<\/div>\n","protected":false},"excerpt":{"rendered":"<div><img loading=\"lazy\" decoding=\"async\" width=\"696\" height=\"360\" src=\"https:\/\/canal5.md\/wp-content\/uploads\/2025\/03\/67dd79d2ecfeebe6230c7c5e_screenshot_2-optimized.jpg\" class=\"attachment-large size-large wp-post-image\" alt=\"\" srcset=\"https:\/\/canal5.md\/wp-content\/uploads\/2025\/03\/67dd79d2ecfeebe6230c7c5e_screenshot_2-optimized.jpg 935w, https:\/\/canal5.md\/wp-content\/uploads\/2025\/03\/67dd79d2ecfeebe6230c7c5e_screenshot_2-300x155-optimized.jpg 300w, https:\/\/canal5.md\/wp-content\/uploads\/2025\/03\/67dd79d2ecfeebe6230c7c5e_screenshot_2-768x397-optimized.jpg 768w, https:\/\/canal5.md\/wp-content\/uploads\/2025\/03\/67dd79d2ecfeebe6230c7c5e_screenshot_2-696x360-optimized.jpg 696w\">Potrivit presei italiene, autorit\u0103\u021bile au fost alertate \u00een jurul orei 20:40 (ora local\u0103) cu privire la un accident \u00een care au fost implicate un scuter \u0219i un camion. La fa\u021ba locului au intervenit de urgen\u021b\u0103 poli\u021bia \u0219i echipajele medicale scrie deschide.md \u00cen urma primelor cercet\u0103ri, oamenii legii au stabilit c\u0103 moldoveanul, \u00een timp ce se [\u2026]<\/div>\n","protected":false},"author":1,"featured_media":69540,"comment_status":"closed","ping_status":"closed","sticky":false,"template":"","format":"standard","meta":{"jnews-multi-image_gallery":[],"jnews_single_post":[],"jnews_primary_category":[],"jnews_social_meta":[],"jnews_override_counter":[],"footnotes":""},"categories":[29],"tags":[],"class_list":["post-69539","post","type-post","status-publish","format-standard","has-post-thumbnail","hentry","category-externe_ro"],"_links":{"self":[{"href":"https:\/\/orheifm.live\/index.php\/wp-json\/wp\/v2\/posts\/69539","targetHints":{"allow":["GET"]}}],"collection":[{"href":"https:\/\/orheifm.live\/index.php\/wp-json\/wp\/v2\/posts"}],"about":[{"href":"https:\/\/orheifm.live\/index.php\/wp-json\/wp\/v2\/types\/post"}],"author":[{"embeddable":true,"href":"https:\/\/orheifm.live\/index.php\/wp-json\/wp\/v2\/users\/1"}],"replies":[{"embeddable":true,"href":"https:\/\/orheifm.live\/index.php\/wp-json\/wp\/v2\/comments?post=69539"}],"version-history":[{"count":0,"href":"https:\/\/orheifm.live\/index.php\/wp-json\/wp\/v2\/posts\/69539\/revisions"}],"wp:featuredmedia":[{"embeddable":true,"href":"https:\/\/orheifm.live\/index.php\/wp-json\/wp\/v2\/media\/69540"}],"wp:attachment":[{"href":"https:\/\/orheifm.live\/index.php\/wp-json\/wp\/v2\/media?parent=69539"}],"wp:term":[{"taxonomy":"category","embeddable":true,"href":"https:\/\/orheifm.live\/index.php\/wp-json\/wp\/v2\/categories?post=69539"},{"taxonomy":"post_tag","embeddable":true,"href":"https:\/\/orheifm.live\/index.php\/wp-json\/wp\/v2\/tags?post=69539"}],"curies":[{"name":"wp","href":"https:\/\/api.w.org\/{rel}","templated":true}]}}