{"id":69525,"date":"2025-03-21T16:40:59","date_gmt":"2025-03-21T14:40:59","guid":{"rendered":"https:\/\/orheifm.live\/index.php\/2025\/03\/21\/barbat-din-telenesti-condamnat-la-17-ani-de-inchisoare-pentru-uciderea-concubinei\/"},"modified":"2025-03-21T16:40:59","modified_gmt":"2025-03-21T14:40:59","slug":"barbat-din-telenesti-condamnat-la-17-ani-de-inchisoare-pentru-uciderea-concubinei","status":"publish","type":"post","link":"https:\/\/orheifm.live\/index.php\/2025\/03\/21\/barbat-din-telenesti-condamnat-la-17-ani-de-inchisoare-pentru-uciderea-concubinei\/","title":{"rendered":"B\u0103rbat din Telene\u0219ti condamnat la 17 ani de \u00eenchisoare pentru uciderea concubinei"},"content":{"rendered":"<div>\n<p><strong>Un b\u0103rbat \u00een v\u00e2rst\u0103 de 42 de ani din Telene\u0219ti a fost condamnat la 17 ani de \u00eenchisoare pentru uciderea concubinei sale \u00eentr-un mod brutal.<\/strong><\/p>\n<p>Conform materialelor dosarului, tragedia a avut loc pe 23 iunie 2024, c\u00e2nd b\u0103rbatul a ajuns acas\u0103 \u0219i \u0219i-a g\u0103sit concubina beat\u0103. \u00centre cei doi a izbucnit o ceart\u0103, iar b\u0103rbatul a b\u0103tut-o cu pumnii, picioarele \u0219i un baston. Ulterior, el a sugrumat-o, provoc\u00e2ndu-i moartea.<\/p>\n<p>\u00cen timpul audierilor, b\u0103rbatul a recunoscut par\u021bial faptele, explic\u00e2nd c\u0103 femeia nu avea loc de munc\u0103 \u0219i c\u0103 banii c\u00e2\u0219tiga\u021bi de el erau cheltui\u021bi pe alcool. \u00cen ziua respectiv\u0103, el l\u0103sase acas\u0103 7.000 de lei, dar c\u00e2nd s-a \u00eentors, a g\u0103sit doar o mic\u0103 parte din sum\u0103.<\/p>\n<p>Dup\u0103 atacul asupra concubinei, b\u0103rbatul a solicitat ajutorul unor cons\u0103teni, care au alertat poli\u021bia.<\/p>\n<p>Sentin\u021ba nu este definitiv\u0103 \u0219i poate fi contestat\u0103 la Curtea de Apel Nord \u00een termen de 15 zile.<\/p>\n<\/div>\n","protected":false},"excerpt":{"rendered":"<div><img loading=\"lazy\" decoding=\"async\" width=\"696\" height=\"392\" src=\"https:\/\/canal5.md\/wp-content\/uploads\/2025\/03\/6cfccbe60e1bb7399e74953217c44b79-optimized.jpg\" class=\"attachment-large size-large wp-post-image\" alt=\"\" srcset=\"https:\/\/canal5.md\/wp-content\/uploads\/2025\/03\/6cfccbe60e1bb7399e74953217c44b79-optimized.jpg 803w, https:\/\/canal5.md\/wp-content\/uploads\/2025\/03\/6cfccbe60e1bb7399e74953217c44b79-300x169-optimized.jpg 300w, https:\/\/canal5.md\/wp-content\/uploads\/2025\/03\/6cfccbe60e1bb7399e74953217c44b79-768x432-optimized.jpg 768w, https:\/\/canal5.md\/wp-content\/uploads\/2025\/03\/6cfccbe60e1bb7399e74953217c44b79-696x392-optimized.jpg 696w\">Un b\u0103rbat \u00een v\u00e2rst\u0103 de 42 de ani din Telene\u0219ti a fost condamnat la 17 ani de \u00eenchisoare pentru uciderea concubinei sale \u00eentr-un mod brutal. Conform materialelor dosarului, tragedia a avut loc pe 23 iunie 2024, c\u00e2nd b\u0103rbatul a ajuns acas\u0103 \u0219i \u0219i-a g\u0103sit concubina beat\u0103. \u00centre cei doi a izbucnit o ceart\u0103, iar b\u0103rbatul [\u2026]<\/div>\n","protected":false},"author":1,"featured_media":69526,"comment_status":"closed","ping_status":"closed","sticky":false,"template":"","format":"standard","meta":{"jnews-multi-image_gallery":[],"jnews_single_post":[],"jnews_primary_category":[],"jnews_social_meta":[],"jnews_override_counter":[],"footnotes":""},"categories":[30],"tags":[],"class_list":["post-69525","post","type-post","status-publish","format-standard","has-post-thumbnail","hentry","category-social_ro"],"_links":{"self":[{"href":"https:\/\/orheifm.live\/index.php\/wp-json\/wp\/v2\/posts\/69525","targetHints":{"allow":["GET"]}}],"collection":[{"href":"https:\/\/orheifm.live\/index.php\/wp-json\/wp\/v2\/posts"}],"about":[{"href":"https:\/\/orheifm.live\/index.php\/wp-json\/wp\/v2\/types\/post"}],"author":[{"embeddable":true,"href":"https:\/\/orheifm.live\/index.php\/wp-json\/wp\/v2\/users\/1"}],"replies":[{"embeddable":true,"href":"https:\/\/orheifm.live\/index.php\/wp-json\/wp\/v2\/comments?post=69525"}],"version-history":[{"count":0,"href":"https:\/\/orheifm.live\/index.php\/wp-json\/wp\/v2\/posts\/69525\/revisions"}],"wp:featuredmedia":[{"embeddable":true,"href":"https:\/\/orheifm.live\/index.php\/wp-json\/wp\/v2\/media\/69526"}],"wp:attachment":[{"href":"https:\/\/orheifm.live\/index.php\/wp-json\/wp\/v2\/media?parent=69525"}],"wp:term":[{"taxonomy":"category","embeddable":true,"href":"https:\/\/orheifm.live\/index.php\/wp-json\/wp\/v2\/categories?post=69525"},{"taxonomy":"post_tag","embeddable":true,"href":"https:\/\/orheifm.live\/index.php\/wp-json\/wp\/v2\/tags?post=69525"}],"curies":[{"name":"wp","href":"https:\/\/api.w.org\/{rel}","templated":true}]}}