{"id":69523,"date":"2025-03-21T16:17:40","date_gmt":"2025-03-21T14:17:40","guid":{"rendered":"https:\/\/orheifm.live\/index.php\/2025\/03\/21\/perciun-refuza-sa-recunoasca-valoarea-invatamantului-sovietic-chiar-si-dupa-exemplul-parintilor-sai\/"},"modified":"2025-03-21T16:17:40","modified_gmt":"2025-03-21T14:17:40","slug":"perciun-refuza-sa-recunoasca-valoarea-invatamantului-sovietic-chiar-si-dupa-exemplul-parintilor-sai","status":"publish","type":"post","link":"https:\/\/orheifm.live\/index.php\/2025\/03\/21\/perciun-refuza-sa-recunoasca-valoarea-invatamantului-sovietic-chiar-si-dupa-exemplul-parintilor-sai\/","title":{"rendered":"Perciun refuz\u0103 s\u0103 recunoasc\u0103 valoarea \u00eenv\u0103\u021b\u0103m\u00e2ntului sovietic, chiar \u0219i dup\u0103 exemplul p\u0103rin\u021bilor s\u0103i"},"content":{"rendered":"<div>\n<p><strong>Nu conteaz\u0103 c\u0103 \u00een manualul de istorie se trec sub t\u0103cere crimele regimului fascist al lui Antonescu, important este c\u0103 se vorbe\u0219te despre ocupa\u021bia sovietic\u0103 \u0219i consecin\u021bele acesteia pentru Moldova. Ministrul Educa\u021biei \u0219i Cercet\u0103rii, Dan Perciun, \u0219i-a confirmat pozi\u021bia cu privire la noua edi\u021bie pentru clasa a XII-a, \u00een care, potrivit opiniei publice, s-a \u00eencercat reabilitarea dictatorului rom\u00e2n \u0219i mai sunt \u0219i insulte la adresa celor care au reconstruit republica dup\u0103 cel de-al Doilea R\u0103zboi Mondial.<\/strong><br \/>\n<iframe loading=\"lazy\" title=\"YouTube video player\" src=\"https:\/\/www.youtube.com\/embed\/vs4Hp5tRxqU?si=rI2OxtjhnhEW8Bp8\" width=\"560\" height=\"315\" frameborder=\"0\" allowfullscreen=\"allowfullscreen\"><\/iframe><\/p>\n<p>Vorbind \u00een direct la TV8, ministrul Educa\u021biei, Dan Perciun, a calificat drept ne\u00eentemeiate criticile aduse ministerului \u00een leg\u0103tur\u0103 cu abordarea unor teme \u00een edi\u021bia suplimentat\u0103 a manualului.<br \/>\nDimpotriv\u0103, el laud\u0103 noul manual. Ministrul pare s\u0103 nu observe criticile privind ignorarea crimelor lui Antonescu \u0219i acuza\u021biile la adresa celor care au reconstruit Moldova, doar autorii sau avut alte scopuri.<\/p>\n<p>DAN PERCIUN, ministrul Educa\u021biei<\/p>\n<p>Manualul vorbe\u0219te foarte clar despre ocupa\u021bia sovietic\u0103 pe teritoriul Basarabiei, manualul vorbe\u0219te despre invazia Ucrainii, despre masacrul de la Bucea, ofer\u0103 mai mult spa\u021biu de discu\u021bii pentru consecin\u021bele ocupa\u021biei sovietice, vorbe\u0219te despre deport\u0103ri, despre foame, toate subiecte tabuizate de c\u0103tre propaganda de la Cremlin, subiecte de alt\u0103 parte foarte importante pentru societatea noastr\u0103 \u0219i care ar trebui s\u0103 discut\u0103m mult mai pe larg \u0219i de care ar trebui s\u0103 ne amintim mult mai frecvent pentru a avea o imagine obiectiv\u0103 cu privire la perioada ocupa\u021biei sovietice.<\/p>\n<p>Dar dac\u0103 despre a\u0219a-numitele \u201epete negre\u201d ale perioadei sovietice se vorbe\u0219te pe larg \u00een manual, crimele regimului Antonescu sunt practic ignorate. Mai mult dec\u00e2t at\u00e2t, oamenii care au venit \u00een Moldova din toate col\u021burile Uniunii Sovietice pentru a reconstrui republica distrus\u0103 de r\u0103zboi sunt numi\u021bi \u00een manual parazi\u021bi \u0219i be\u021bivi. Elevii trebuie s\u0103 perceap\u0103 \u201eocupa\u021bia sovietic\u0103\u201d ca pe un r\u0103u absolut. O femeie \u00een v\u00e2rst\u0103, care a reu\u0219it s\u0103 sune \u00een direct, l-a \u00eentrebat pe Perciun: \u201eP\u0103rin\u021bii dumneavoastr\u0103 au studiat \u00een anii sovietici? Sunt oameni inteligen\u021bi, cu studii?\u201d Pentru a evita un r\u0103spuns direct \u0219i a recunoa\u0219te chiar \u0219i pe exemplul propriilor p\u0103rin\u021bi c\u0103 educa\u021bia sovietic\u0103 nu a fost chiar at\u00e2t de rea, Perciun a subliniat din nou ceea ce este cel mai important pentru el: c\u0103 \u00een familia sa au \u0219tiut dintotdeauna ce \u00eenseamn\u0103 ocupa\u021bia sovietic\u0103. Oare p\u0103rin\u021bilor lui nu le este ru\u0219ine de fiul lor? Sau con\u0219tiin\u021ba li s-a r\u0103sturnat tuturor dintr-odat\u0103?<\/p>\n<p>\u2013 Sunt din Chi\u0219in\u0103u \u0219i m\u0103 numesc Milena, am o \u00eentrebare la domnul<br \/>\nMinistru.<\/p>\n<p>\u2013 V\u0103 ascult\u0103m.<\/p>\n<p>\u2013 Spune\u021bi, domnul Ministru, p\u0103rin\u021bii dumneavoastr\u0103 c\u00e2nd au termina\u021bi \u0219coala?<\/p>\n<p>\u2013 P\u0103rin\u021bii mei \u00een perioada sovietic\u0103.<\/p>\n<p>\u2013 \u0218u au \u00eev\u0103\u021bat istoria pe c\u00e2nd l-am \u00eenv\u0103tat pe Lenin noi, da? \u0218i-s oameni pro\u0219ti sau de\u0219tep\u021bi?<\/p>\n<p>\u2013 Sunt oameni care au \u00een\u021beles \u0219i \u0219tiau \u0219i din familie ce \u00eenseamn\u0103 ocupa\u021bia sovietic\u0103, limba rom\u00e2n\u0103 \u0219i toate cele la deport\u0103ri. Sunt, cu siguran\u021b\u0103, oameni cu carte, cum sunt \u0219i mul\u021bi al\u021bi cet\u0103\u021beni ai Republicii Moldova<\/p>\n<p>\u2013 Mai ave\u021bi vreo \u00eentrebare?<\/p>\n<p>\u2013 Nu, asta am vrut s\u0103 v\u0103 \u00eentreb. Pe noi c\u00e2nd au \u00eenv\u0103\u021batla Sovetskii Soiuz istoria, tot eram oameni de\u0219tep\u021bi.<\/p>\n<p>Noul manual de istorie pentru clasa a XII-a a fost introdus \u00een septembrie 2024. Apari\u021bia sa a st\u00e2rnit un val de indignare \u00een societatea moldoveneasc\u0103 din cauza interpret\u0103rilor controversate ale unor evenimente istorice. falsific\u0103rii unor evenimente istorice.<\/p>\n<p>\u00cen special, s-a atras aten\u021bia asupra a tentativelor de a justifica politica regimului dictatorial fascist al lui Antonescu \u0219i de a denatura faptele, \u00eentruc\u00e2t trupele rom\u00e2no-fasciste care au intrat pe teritoriul Moldovei pe 22 iunie 1941 sunt numite \u00een manual trupe eliberatoare. \u00cen plus, manualul con\u021bine afirma\u021bii ofensatoare la adresa celor care au venit s\u0103 reconstruiasc\u0103 republica dup\u0103 \u00eencheierea celui de-al Doilea R\u0103zboi Mondial.<\/p>\n<p>Ca r\u0103spuns la critici, Perciun le-a propus reprezentan\u021bilor organiza\u021biilor evreie\u0219ti, care s- au num\u0103rat \u0219i ei printre cei care au criticat manualul, s\u0103 preg\u0103teasc\u0103 o recenzie.<br \/>\nDrept r\u0103spuns, ei au cerut ca manualul s\u0103 fie retras din \u0219coli. Opinia public\u0103 consider\u0103 c\u0103 autorit\u0103\u021bile nu se a\u0219teptau la un asemenea scandal \u0219i sperau ca modific\u0103rile s\u0103 treac\u0103 neobservate. \u00cens\u0103 este<\/p>\n<p>deja evident: noul manual de istorie a divizat societatea \u0219i a declan\u0219at o dezbatere aprins\u0103 despre cine are de c\u00e2\u0219tigat din rescrierea trecutului.<\/p>\n<\/div>\n","protected":false},"excerpt":{"rendered":"<div><img loading=\"lazy\" decoding=\"async\" width=\"696\" height=\"464\" src=\"https:\/\/canal5.md\/wp-content\/uploads\/2024\/08\/1105848__669881f0eb7a0-730x487-1-optimized.jpg\" class=\"attachment-large size-large wp-post-image\" alt=\"\" srcset=\"https:\/\/canal5.md\/wp-content\/uploads\/2024\/08\/1105848__669881f0eb7a0-730x487-1-optimized.jpg 730w, https:\/\/canal5.md\/wp-content\/uploads\/2024\/08\/1105848__669881f0eb7a0-730x487-1-300x200-optimized.jpg 300w, https:\/\/canal5.md\/wp-content\/uploads\/2024\/08\/1105848__669881f0eb7a0-730x487-1-696x464-optimized.jpg 696w\">Nu conteaz\u0103 c\u0103 \u00een manualul de istorie se trec sub t\u0103cere crimele regimului fascist al lui Antonescu, important este c\u0103 se vorbe\u0219te despre ocupa\u021bia sovietic\u0103 \u0219i consecin\u021bele acesteia pentru Moldova. Ministrul Educa\u021biei \u0219i Cercet\u0103rii, Dan Perciun, \u0219i-a confirmat pozi\u021bia cu privire la noua edi\u021bie pentru clasa a XII-a, \u00een care, potrivit opiniei publice, s-a \u00eencercat [\u2026]<\/div>\n","protected":false},"author":1,"featured_media":69524,"comment_status":"closed","ping_status":"closed","sticky":false,"template":"","format":"standard","meta":{"jnews-multi-image_gallery":[],"jnews_single_post":[],"jnews_primary_category":[],"jnews_social_meta":[],"jnews_override_counter":[],"footnotes":""},"categories":[30],"tags":[],"class_list":["post-69523","post","type-post","status-publish","format-standard","has-post-thumbnail","hentry","category-social_ro"],"_links":{"self":[{"href":"https:\/\/orheifm.live\/index.php\/wp-json\/wp\/v2\/posts\/69523","targetHints":{"allow":["GET"]}}],"collection":[{"href":"https:\/\/orheifm.live\/index.php\/wp-json\/wp\/v2\/posts"}],"about":[{"href":"https:\/\/orheifm.live\/index.php\/wp-json\/wp\/v2\/types\/post"}],"author":[{"embeddable":true,"href":"https:\/\/orheifm.live\/index.php\/wp-json\/wp\/v2\/users\/1"}],"replies":[{"embeddable":true,"href":"https:\/\/orheifm.live\/index.php\/wp-json\/wp\/v2\/comments?post=69523"}],"version-history":[{"count":0,"href":"https:\/\/orheifm.live\/index.php\/wp-json\/wp\/v2\/posts\/69523\/revisions"}],"wp:featuredmedia":[{"embeddable":true,"href":"https:\/\/orheifm.live\/index.php\/wp-json\/wp\/v2\/media\/69524"}],"wp:attachment":[{"href":"https:\/\/orheifm.live\/index.php\/wp-json\/wp\/v2\/media?parent=69523"}],"wp:term":[{"taxonomy":"category","embeddable":true,"href":"https:\/\/orheifm.live\/index.php\/wp-json\/wp\/v2\/categories?post=69523"},{"taxonomy":"post_tag","embeddable":true,"href":"https:\/\/orheifm.live\/index.php\/wp-json\/wp\/v2\/tags?post=69523"}],"curies":[{"name":"wp","href":"https:\/\/api.w.org\/{rel}","templated":true}]}}