{"id":69521,"date":"2025-03-21T16:17:37","date_gmt":"2025-03-21T14:17:37","guid":{"rendered":"https:\/\/orheifm.live\/index.php\/2025\/03\/21\/evghenia-gutul-procurorii-creeaza-un-dosar-penal-fara-probe-la-ordinul-guvernarii\/"},"modified":"2025-03-21T16:17:37","modified_gmt":"2025-03-21T14:17:37","slug":"evghenia-gutul-procurorii-creeaza-un-dosar-penal-fara-probe-la-ordinul-guvernarii","status":"publish","type":"post","link":"https:\/\/orheifm.live\/index.php\/2025\/03\/21\/evghenia-gutul-procurorii-creeaza-un-dosar-penal-fara-probe-la-ordinul-guvernarii\/","title":{"rendered":"Evghenia Gu\u021bul: Procurorii creeaz\u0103 un dosar penal f\u0103r\u0103 probe, la ordinul Guvern\u0103rii"},"content":{"rendered":"<div>\n<p><strong>Procurorii \u00eencearc\u0103 s\u0103 creeze un dosar penal f\u0103r\u0103 probe, \u00een urma unui \u201eordin\u201d venit din v\u00e2rful puterii. Declara\u021bia a fost f\u0103cut\u0103 de ba\u0219canul G\u0103g\u0103uziei Evghenia Gu\u021bul, dup\u0103 \u0219edin\u021ba de judecat\u0103 care a avut loc vineri. Potrivit guvernatorului, materialele prezentate ca dovezi \u00een dosar contrazic dovezile afi\u0219ate pe ecran. Ba\u0219canul G\u0103g\u0103uziei, Evgenia Gu\u021bul, sus\u021bine c\u0103 \u0219edin\u021bele de judecat\u0103 pe numele ei \u0219i a activistei Svetlana Popan devin tot mai absurde.<\/strong><\/p>\n<p><iframe loading=\"lazy\" title=\"YouTube video player\" src=\"https:\/\/www.youtube.com\/embed\/PCblZw3FZd0?si=tvg454nBK8TPEGq6\" width=\"560\" height=\"315\" frameborder=\"0\" allowfullscreen=\"allowfullscreen\"><\/iframe><\/p>\n<p>EVGHENIA GU\u021aUL, Ba\u0219canul G\u0103g\u0103uziei<br \/>\nAst\u0103zi noi iar am \u00eencercat s\u0103 \u00een\u021belegem de unde s-au luat cifrele de la procurori \u0219i anume 42 de milioane. Ieri, judec\u0103torii au dat termen procurorilor ca s\u0103 explice, s\u0103 se preg\u0103teasc\u0103 pentru \u0219edin\u021ba de azi, dar nu au reu\u0219it, din nou, avem multe \u00eentreb\u0103ri legate de cifrele pe care ni le \u00eencrimineaz\u0103. La ecran ne prezint\u0103 una, dar \u00een material este alta.\u00a0 Procurorii sunt nevoi\u021bi s\u0103 \u00eendeplineasc\u0103 comenzile celor de sus \u2013 de la Pre\u0219edin\u021bie \u0219i Guvern.<\/p>\n<p>Ca de obicei, \u00een fa\u021ba cl\u0103dirii instan\u021bei din sectorul Buiucani al capitalei s-au adunat mai mul\u021bi oameni pentru a o sus\u021bine pe Ba\u0219canul G\u0103g\u0103uziei, Evghenia Gu\u021bul, \u0219i pe Svetlana Popan.<\/p>\n<p>IURII VITNEANSCHI, activist Blocul \u201eVictorie\u201d<\/p>\n<p>Acest dosar este politic \u0219i nu are argument\u0103ri normale, care s\u0103 confirme cele \u00eencriminate de procurori.<\/p>\n<p>IVAN GUCCI, activist civic<br \/>\nSuntem al\u0103turi de Evghenia Gu\u021bul, pentru c\u0103 este un proces politic, iar cei de la guvernare se gr\u0103besc ca acest dosar s\u0103 ajung\u0103 la condamnare dup\u0103 modelul domnului Nesterovschi. Dac\u0103 guvernarea are cu ce se l\u0103uda ast\u0103zi, asta este doar lupta cu opozi\u021bia, prin intermediul dosarelor politice, sunt dosare politice fabricate.<\/p>\n<p>IVAN STAMOV, activist civic<br \/>\nAst\u0103zi am venit s\u0103 o sus\u021binem pe ba\u0219canul G\u0103g\u0103uziei, Evgenia Gu\u021bul, \u00een leg\u0103tur\u0103 cu dosarul politic adus acesteia \u0219i Svetlanei Popan. \u00cei sprijinim pentru c\u0103 este important nu numai pentru ei, ci pentru \u00eentregul g\u0103g\u0103uz. Sunt sigur c\u0103 Evghenia Gu\u021bul, Svetlana Popan \u0219i colegii lor implica\u021bi \u00een treburile politice sunt adev\u0103ra\u021bi lupt\u0103tori pentru libertate \u0219i democra\u021bie \u00een \u021bara noastr\u0103.<\/p>\n<p>Urm\u0103toarele \u0219edin\u021be de judecat\u0103 sunt programate pentru data de 24 \u0219i 25 martie. Men\u021bion\u0103m c\u0103, prin decizia judec\u0103torului, orarul \u0219edin\u021belor de judecat\u0103 a fost modificat. Acum acestea au loc mai rar, dar sunt programate pentru lunile aprilie \u0219i mai. Reamintim c\u0103 Evghenia Gu\u021bul \u0219i Svetlana Popan sunt acuzate de complicitate \u00een finan\u021barea ilegal\u0103 a unui partid politic. Ambele resping categoric acuza\u021biile care le sunt aduse, consider\u00e2nd dosarul penal unul politic, fabricat la ordinul Maiei Sandu \u0219i al PAS. Procurorii refuz\u0103 s\u0103 comenteze.<\/p>\n<\/div>\n","protected":false},"excerpt":{"rendered":"<div><img loading=\"lazy\" decoding=\"async\" width=\"696\" height=\"392\" src=\"https:\/\/canal5.md\/wp-content\/uploads\/2024\/05\/evghenia-gutul-1024x576-optimized.png\" class=\"attachment-large size-large wp-post-image\" alt=\"\" srcset=\"https:\/\/canal5.md\/wp-content\/uploads\/2024\/05\/evghenia-gutul-1024x576-optimized.png 1024w, https:\/\/canal5.md\/wp-content\/uploads\/2024\/05\/evghenia-gutul-300x169-optimized.png 300w, https:\/\/canal5.md\/wp-content\/uploads\/2024\/05\/evghenia-gutul-768x432-optimized.png 768w, https:\/\/canal5.md\/wp-content\/uploads\/2024\/05\/evghenia-gutul-696x392-optimized.png 696w, https:\/\/canal5.md\/wp-content\/uploads\/2024\/05\/evghenia-gutul-1068x601-optimized.png 1068w, https:\/\/canal5.md\/wp-content\/uploads\/2024\/05\/evghenia-gutul-optimized.png 1200w\">Procurorii \u00eencearc\u0103 s\u0103 creeze un dosar penal f\u0103r\u0103 probe, \u00een urma unui \u201eordin\u201d venit din v\u00e2rful puterii. Declara\u021bia a fost f\u0103cut\u0103 de ba\u0219canul G\u0103g\u0103uziei Evghenia Gu\u021bul, dup\u0103 \u0219edin\u021ba de judecat\u0103 care a avut loc vineri. Potrivit guvernatorului, materialele prezentate ca dovezi \u00een dosar contrazic dovezile afi\u0219ate pe ecran. Ba\u0219canul G\u0103g\u0103uziei, Evgenia Gu\u021bul, sus\u021bine c\u0103 \u0219edin\u021bele [\u2026]<\/div>\n","protected":false},"author":1,"featured_media":69522,"comment_status":"closed","ping_status":"closed","sticky":false,"template":"","format":"standard","meta":{"jnews-multi-image_gallery":[],"jnews_single_post":[],"jnews_primary_category":[],"jnews_social_meta":[],"jnews_override_counter":[],"footnotes":""},"categories":[23],"tags":[],"class_list":["post-69521","post","type-post","status-publish","format-standard","has-post-thumbnail","hentry","category-politica_ro"],"_links":{"self":[{"href":"https:\/\/orheifm.live\/index.php\/wp-json\/wp\/v2\/posts\/69521","targetHints":{"allow":["GET"]}}],"collection":[{"href":"https:\/\/orheifm.live\/index.php\/wp-json\/wp\/v2\/posts"}],"about":[{"href":"https:\/\/orheifm.live\/index.php\/wp-json\/wp\/v2\/types\/post"}],"author":[{"embeddable":true,"href":"https:\/\/orheifm.live\/index.php\/wp-json\/wp\/v2\/users\/1"}],"replies":[{"embeddable":true,"href":"https:\/\/orheifm.live\/index.php\/wp-json\/wp\/v2\/comments?post=69521"}],"version-history":[{"count":0,"href":"https:\/\/orheifm.live\/index.php\/wp-json\/wp\/v2\/posts\/69521\/revisions"}],"wp:featuredmedia":[{"embeddable":true,"href":"https:\/\/orheifm.live\/index.php\/wp-json\/wp\/v2\/media\/69522"}],"wp:attachment":[{"href":"https:\/\/orheifm.live\/index.php\/wp-json\/wp\/v2\/media?parent=69521"}],"wp:term":[{"taxonomy":"category","embeddable":true,"href":"https:\/\/orheifm.live\/index.php\/wp-json\/wp\/v2\/categories?post=69521"},{"taxonomy":"post_tag","embeddable":true,"href":"https:\/\/orheifm.live\/index.php\/wp-json\/wp\/v2\/tags?post=69521"}],"curies":[{"name":"wp","href":"https:\/\/api.w.org\/{rel}","templated":true}]}}