{"id":69519,"date":"2025-03-21T16:17:34","date_gmt":"2025-03-21T14:17:34","guid":{"rendered":"https:\/\/orheifm.live\/index.php\/2025\/03\/21\/ilan-sor-critica-initiativa-sis-vor-supraveghere-fara-proces-si-ancheta\/"},"modified":"2025-03-21T16:17:34","modified_gmt":"2025-03-21T14:17:34","slug":"ilan-sor-critica-initiativa-sis-vor-supraveghere-fara-proces-si-ancheta","status":"publish","type":"post","link":"https:\/\/orheifm.live\/index.php\/2025\/03\/21\/ilan-sor-critica-initiativa-sis-vor-supraveghere-fara-proces-si-ancheta\/","title":{"rendered":"Ilan \u0218or critic\u0103 ini\u021biativa SIS: \u201eVor supraveghere f\u0103r\u0103 proces \u0219i anchet\u0103\u201d"},"content":{"rendered":"<div>\n<p><strong>Liderul blocului \u201dVictorie\u201d, Ilan \u0218or a condamnat ferm propunerea Serviciului de Informa\u021bii \u0219i Securitate de a permite supravegherea cet\u0103\u021benilor pe baza unui ordin semnat de directorul institu\u021biei, f\u0103r\u0103 a fi necesar\u0103 o decizie a instan\u021bei.<\/strong><br \/>\n<iframe loading=\"lazy\" title=\"YouTube video player\" src=\"https:\/\/www.youtube.com\/embed\/TNg5uSDJqr8?si=EQES-m1vAMIcVm4H\" width=\"560\" height=\"315\" frameborder=\"0\" allowfullscreen=\"allowfullscreen\"><\/iframe><\/p>\n<p>\u00centr-o declara\u021bie public\u0103, politicianul a subliniat c\u0103 acest proiect reprezint\u0103 o \u00eenc\u0103lcare grav\u0103.<\/p>\n<p>\u201eSIS cere parlamentului s\u0103 autorizeze supravegherea cet\u0103\u021benilor pe baza unui ordin semnat de directorul s\u0103u. A\u0219a cum se spune, f\u0103r\u0103 proces \u0219i anchet\u0103. Aceasta \u00eencalc\u0103 cel pu\u021bin dreptul la via\u021b\u0103 privat\u0103, dreptul la libertatea de exprimare, dar \u0219i dreptul la libera circula\u021bie. Cine a\u0219tepta \u201edemocra\u021bia\u201d european\u0103? Ea este deja aici. V\u0103 urm\u0103re\u0219te\u201d, a specificat Ilan \u0218or.<\/p>\n<\/div>\n","protected":false},"excerpt":{"rendered":"<div><img decoding=\"async\" width=\"696\" height=\"388\" src=\"https:\/\/canal5.md\/wp-content\/uploads\/2023\/12\/ilan-sor-1-1024x571-optimized.webp\" class=\"attachment-large size-large wp-post-image\" alt=\"\" loading=\"lazy\" srcset=\"https:\/\/canal5.md\/wp-content\/uploads\/2023\/12\/ilan-sor-1-1024x571-optimized.webp 1024w, https:\/\/canal5.md\/wp-content\/uploads\/2023\/12\/ilan-sor-1-300x167-optimized.webp 300w, https:\/\/canal5.md\/wp-content\/uploads\/2023\/12\/ilan-sor-1-768x428-optimized.webp 768w, https:\/\/canal5.md\/wp-content\/uploads\/2023\/12\/ilan-sor-1-696x388-optimized.webp 696w, https:\/\/canal5.md\/wp-content\/uploads\/2023\/12\/ilan-sor-1-1068x595-optimized.webp 1068w, https:\/\/canal5.md\/wp-content\/uploads\/2023\/12\/ilan-sor-1-jpg-optimized.webp 1080w\">Liderul blocului \u201dVictorie\u201d, Ilan \u0218or a condamnat ferm propunerea Serviciului de Informa\u021bii \u0219i Securitate de a permite supravegherea cet\u0103\u021benilor pe baza unui ordin semnat de directorul institu\u021biei, f\u0103r\u0103 a fi necesar\u0103 o decizie a instan\u021bei. \u00centr-o declara\u021bie public\u0103, politicianul a subliniat c\u0103 acest proiect reprezint\u0103 o \u00eenc\u0103lcare grav\u0103. \u201eSIS cere parlamentului s\u0103 autorizeze supravegherea cet\u0103\u021benilor [\u2026]<\/div>\n","protected":false},"author":1,"featured_media":69520,"comment_status":"closed","ping_status":"closed","sticky":false,"template":"","format":"standard","meta":{"jnews-multi-image_gallery":[],"jnews_single_post":[],"jnews_primary_category":[],"jnews_social_meta":[],"jnews_override_counter":[],"footnotes":""},"categories":[23],"tags":[],"class_list":["post-69519","post","type-post","status-publish","format-standard","has-post-thumbnail","hentry","category-politica_ro"],"_links":{"self":[{"href":"https:\/\/orheifm.live\/index.php\/wp-json\/wp\/v2\/posts\/69519","targetHints":{"allow":["GET"]}}],"collection":[{"href":"https:\/\/orheifm.live\/index.php\/wp-json\/wp\/v2\/posts"}],"about":[{"href":"https:\/\/orheifm.live\/index.php\/wp-json\/wp\/v2\/types\/post"}],"author":[{"embeddable":true,"href":"https:\/\/orheifm.live\/index.php\/wp-json\/wp\/v2\/users\/1"}],"replies":[{"embeddable":true,"href":"https:\/\/orheifm.live\/index.php\/wp-json\/wp\/v2\/comments?post=69519"}],"version-history":[{"count":0,"href":"https:\/\/orheifm.live\/index.php\/wp-json\/wp\/v2\/posts\/69519\/revisions"}],"wp:featuredmedia":[{"embeddable":true,"href":"https:\/\/orheifm.live\/index.php\/wp-json\/wp\/v2\/media\/69520"}],"wp:attachment":[{"href":"https:\/\/orheifm.live\/index.php\/wp-json\/wp\/v2\/media?parent=69519"}],"wp:term":[{"taxonomy":"category","embeddable":true,"href":"https:\/\/orheifm.live\/index.php\/wp-json\/wp\/v2\/categories?post=69519"},{"taxonomy":"post_tag","embeddable":true,"href":"https:\/\/orheifm.live\/index.php\/wp-json\/wp\/v2\/tags?post=69519"}],"curies":[{"name":"wp","href":"https:\/\/api.w.org\/{rel}","templated":true}]}}