{"id":69515,"date":"2025-03-21T16:14:49","date_gmt":"2025-03-21T14:14:49","guid":{"rendered":"https:\/\/orheifm.live\/index.php\/2025\/03\/21\/soros-va-acoperi-deficitul-de-finantare-a-proiectelor-usaid\/"},"modified":"2025-03-21T16:14:49","modified_gmt":"2025-03-21T14:14:49","slug":"soros-va-acoperi-deficitul-de-finantare-a-proiectelor-usaid","status":"publish","type":"post","link":"https:\/\/orheifm.live\/index.php\/2025\/03\/21\/soros-va-acoperi-deficitul-de-finantare-a-proiectelor-usaid\/","title":{"rendered":"Soros va acoperi deficitul de finan\u021bare a proiectelor USAID"},"content":{"rendered":"<div>\n<p><strong>ONG-i\u0219tii moldoveni \u0219i a\u0219a-zisa pres\u0103 liber\u0103, m\u00e2nc\u0103tori de granturi, caut\u0103 bani ca s\u0103 continue traiul frumos, dup\u0103 ce au r\u0103mas f\u0103r\u0103 finan\u021barea de la USAID, desfiin\u021bat\u0103 de administra\u021bia pre\u0219edintelui SUA, Donald Trump, dup\u0103 ce a declarat-o organiza\u021bie criminal\u0103.<\/strong><br \/>\n<iframe loading=\"lazy\" title=\"YouTube video player\" src=\"https:\/\/www.youtube.com\/embed\/uUu1fVEAbS8?si=6NmSwXWDRHg8dqzk\" width=\"560\" height=\"315\" frameborder=\"0\" allowfullscreen=\"allowfullscreen\"><\/iframe><\/p>\n<p>Prin urmare, pentru ca sutele de milioane s\u0103 curg\u0103 din nou, Comisarul European pentru Extindere, Marta Kos a discutat cu fiul miliardarului George Soros despre sprijinirea societ\u0103\u021bii civile \u0219i a mass-media liber\u0103, cu accent special pe Moldova.<\/p>\n<p>\u201dPentru ca democra\u021biile noastre s\u0103 prospere, este vital s\u0103 sus\u021binem valorile democratice \u0219i s\u0103 \u00eemputernicim voci independente\u201d, scrie Marta Kos pe internet. Numai c\u0103 a uitat s\u0103 adauge c\u0103 aceste voci independente nu fac dec\u00e2t s\u0103 spele imaginea PAS-ului, \u00een loc s\u0103 arate realitatea din \u021bar\u0103 \u0219i s\u0103 fie c\u00e2ini de paz\u0103 ai societ\u0103\u021bii, nu ai regimului Sandu. Dar asta e o alt\u0103 problem\u0103.<\/p>\n<p>Mai grav e c\u0103 exponen\u021bii guvern\u0103rii \u0219i partenerii lor nu caut\u0103 bani pentru a rezolva probleme stringente cum ar fi salariile feroviarilor, care nu au mai v\u0103zut un leu de jum\u0103tate de an \u0219i numai ei \u0219tiu cum tr\u0103iesc, \u00een s\u0103r\u0103cie \u0219i cu pre\u021burile majorate la tot, cu binecuv\u00e2ntarea PAS-ului.<\/p>\n<\/div>\n","protected":false},"excerpt":{"rendered":"<div><img decoding=\"async\" width=\"696\" height=\"338\" src=\"https:\/\/canal5.md\/wp-content\/uploads\/2025\/03\/snimok-ekrana-2025-03-21-143907-1024x497-optimized.png\" class=\"attachment-large size-large wp-post-image\" alt=\"\" loading=\"lazy\" srcset=\"https:\/\/canal5.md\/wp-content\/uploads\/2025\/03\/snimok-ekrana-2025-03-21-143907-1024x497-optimized.png 1024w, https:\/\/canal5.md\/wp-content\/uploads\/2025\/03\/snimok-ekrana-2025-03-21-143907-300x146-optimized.png 300w, https:\/\/canal5.md\/wp-content\/uploads\/2025\/03\/snimok-ekrana-2025-03-21-143907-768x373-optimized.png 768w, https:\/\/canal5.md\/wp-content\/uploads\/2025\/03\/snimok-ekrana-2025-03-21-143907-696x338-optimized.png 696w, https:\/\/canal5.md\/wp-content\/uploads\/2025\/03\/snimok-ekrana-2025-03-21-143907-1068x519-optimized.png 1068w, https:\/\/canal5.md\/wp-content\/uploads\/2025\/03\/snimok-ekrana-2025-03-21-143907-optimized.png 1312w\">ONG-i\u0219tii moldoveni \u0219i a\u0219a-zisa pres\u0103 liber\u0103, m\u00e2nc\u0103tori de granturi, caut\u0103 bani ca s\u0103 continue traiul frumos, dup\u0103 ce au r\u0103mas f\u0103r\u0103 finan\u021barea de la USAID, desfiin\u021bat\u0103 de administra\u021bia pre\u0219edintelui SUA, Donald Trump, dup\u0103 ce a declarat-o organiza\u021bie criminal\u0103. Prin urmare, pentru ca sutele de milioane s\u0103 curg\u0103 din nou, Comisarul European pentru Extindere, Marta Kos [\u2026]<\/div>\n","protected":false},"author":1,"featured_media":69516,"comment_status":"closed","ping_status":"closed","sticky":false,"template":"","format":"standard","meta":{"jnews-multi-image_gallery":[],"jnews_single_post":[],"jnews_primary_category":[],"jnews_social_meta":[],"jnews_override_counter":[],"footnotes":""},"categories":[23],"tags":[],"class_list":["post-69515","post","type-post","status-publish","format-standard","has-post-thumbnail","hentry","category-politica_ro"],"_links":{"self":[{"href":"https:\/\/orheifm.live\/index.php\/wp-json\/wp\/v2\/posts\/69515","targetHints":{"allow":["GET"]}}],"collection":[{"href":"https:\/\/orheifm.live\/index.php\/wp-json\/wp\/v2\/posts"}],"about":[{"href":"https:\/\/orheifm.live\/index.php\/wp-json\/wp\/v2\/types\/post"}],"author":[{"embeddable":true,"href":"https:\/\/orheifm.live\/index.php\/wp-json\/wp\/v2\/users\/1"}],"replies":[{"embeddable":true,"href":"https:\/\/orheifm.live\/index.php\/wp-json\/wp\/v2\/comments?post=69515"}],"version-history":[{"count":0,"href":"https:\/\/orheifm.live\/index.php\/wp-json\/wp\/v2\/posts\/69515\/revisions"}],"wp:featuredmedia":[{"embeddable":true,"href":"https:\/\/orheifm.live\/index.php\/wp-json\/wp\/v2\/media\/69516"}],"wp:attachment":[{"href":"https:\/\/orheifm.live\/index.php\/wp-json\/wp\/v2\/media?parent=69515"}],"wp:term":[{"taxonomy":"category","embeddable":true,"href":"https:\/\/orheifm.live\/index.php\/wp-json\/wp\/v2\/categories?post=69515"},{"taxonomy":"post_tag","embeddable":true,"href":"https:\/\/orheifm.live\/index.php\/wp-json\/wp\/v2\/tags?post=69515"}],"curies":[{"name":"wp","href":"https:\/\/api.w.org\/{rel}","templated":true}]}}