{"id":69513,"date":"2025-03-21T16:00:32","date_gmt":"2025-03-21T14:00:32","guid":{"rendered":"https:\/\/orheifm.live\/index.php\/2025\/03\/21\/trei-angajati-ai-unui-centru-de-plasament-din-soroca-arestati-pentru-trafic-de-fiinte-umane\/"},"modified":"2025-03-21T16:00:32","modified_gmt":"2025-03-21T14:00:32","slug":"trei-angajati-ai-unui-centru-de-plasament-din-soroca-arestati-pentru-trafic-de-fiinte-umane","status":"publish","type":"post","link":"https:\/\/orheifm.live\/index.php\/2025\/03\/21\/trei-angajati-ai-unui-centru-de-plasament-din-soroca-arestati-pentru-trafic-de-fiinte-umane\/","title":{"rendered":"Trei angaja\u021bi ai unui Centru de plasament din Soroca, aresta\u021bi pentru trafic de fiin\u021be umane"},"content":{"rendered":"<div>\n<p><strong>Trei angaja\u021bi ai unui Centru de plasament pentru persoane cu dizabilit\u0103\u021bi din Soroca au fost plasa\u021bi \u00een arest preventiv, fiind acuza\u021bi de trafic de fiin\u021be umane \u0219i alte infrac\u021biuni.<\/strong><\/p>\n<p>Conform procurorilor, \u00een perioada 2021 \u2013 februarie 2025, cei trei, inclusiv directorul institu\u021biei, au exploatat prin munc\u0103 beneficiarii centrului, persoane cu dizabilit\u0103\u021bi accentuate. Profit\u00e2nd de vulnerabilitatea acestora, i-au recrutat, transportat \u0219i ad\u0103postit la ferma complicilor, unde au fost obliga\u021bi s\u0103 munceasc\u0103 f\u0103r\u0103 plat\u0103.<\/p>\n<p>Dou\u0103 dintre persoanele implicate au fost plasate \u00een arest preventiv pentru 30 de zile, iar a treia persoan\u0103 se afl\u0103 \u00een arest la domiciliu pentru aceea\u0219i perioad\u0103. Victimele au acceptat s\u0103 munceasc\u0103 din cauza fricii de represalii \u0219i a dependen\u021bei de sistemul de sprijin.<\/p>\n<p>Urm\u0103rirea penal\u0103 continu\u0103, iar persoanele vinovate risc\u0103 pedepse de p\u00e2n\u0103 la 20 de ani de \u00eenchisoare pentru trafic de fiin\u021be umane \u0219i p\u00e2n\u0103 la 3 ani pentru infrac\u021biuni contra justi\u021biei.<\/p>\n<\/div>\n","protected":false},"excerpt":{"rendered":"<div><img loading=\"lazy\" decoding=\"async\" width=\"696\" height=\"392\" src=\"https:\/\/canal5.md\/wp-content\/uploads\/2025\/03\/fedf38b4b3b3f35dcf02112f5422071934c7cf9e46a4ab6901b6b5652f60532a-optimized.png\" class=\"attachment-large size-large wp-post-image\" alt=\"\" srcset=\"https:\/\/canal5.md\/wp-content\/uploads\/2025\/03\/fedf38b4b3b3f35dcf02112f5422071934c7cf9e46a4ab6901b6b5652f60532a-optimized.png 800w, https:\/\/canal5.md\/wp-content\/uploads\/2025\/03\/fedf38b4b3b3f35dcf02112f5422071934c7cf9e46a4ab6901b6b5652f60532a-300x169-optimized.png 300w, https:\/\/canal5.md\/wp-content\/uploads\/2025\/03\/fedf38b4b3b3f35dcf02112f5422071934c7cf9e46a4ab6901b6b5652f60532a-768x432-optimized.png 768w, https:\/\/canal5.md\/wp-content\/uploads\/2025\/03\/fedf38b4b3b3f35dcf02112f5422071934c7cf9e46a4ab6901b6b5652f60532a-696x392-optimized.png 696w\">Trei angaja\u021bi ai unui Centru de plasament pentru persoane cu dizabilit\u0103\u021bi din Soroca au fost plasa\u021bi \u00een arest preventiv, fiind acuza\u021bi de trafic de fiin\u021be umane \u0219i alte infrac\u021biuni. Conform procurorilor, \u00een perioada 2021 \u2013 februarie 2025, cei trei, inclusiv directorul institu\u021biei, au exploatat prin munc\u0103 beneficiarii centrului, persoane cu dizabilit\u0103\u021bi accentuate. Profit\u00e2nd de vulnerabilitatea [\u2026]<\/div>\n","protected":false},"author":1,"featured_media":69514,"comment_status":"closed","ping_status":"closed","sticky":false,"template":"","format":"standard","meta":{"jnews-multi-image_gallery":[],"jnews_single_post":[],"jnews_primary_category":[],"jnews_social_meta":[],"jnews_override_counter":[],"footnotes":""},"categories":[30],"tags":[],"class_list":["post-69513","post","type-post","status-publish","format-standard","has-post-thumbnail","hentry","category-social_ro"],"_links":{"self":[{"href":"https:\/\/orheifm.live\/index.php\/wp-json\/wp\/v2\/posts\/69513","targetHints":{"allow":["GET"]}}],"collection":[{"href":"https:\/\/orheifm.live\/index.php\/wp-json\/wp\/v2\/posts"}],"about":[{"href":"https:\/\/orheifm.live\/index.php\/wp-json\/wp\/v2\/types\/post"}],"author":[{"embeddable":true,"href":"https:\/\/orheifm.live\/index.php\/wp-json\/wp\/v2\/users\/1"}],"replies":[{"embeddable":true,"href":"https:\/\/orheifm.live\/index.php\/wp-json\/wp\/v2\/comments?post=69513"}],"version-history":[{"count":0,"href":"https:\/\/orheifm.live\/index.php\/wp-json\/wp\/v2\/posts\/69513\/revisions"}],"wp:featuredmedia":[{"embeddable":true,"href":"https:\/\/orheifm.live\/index.php\/wp-json\/wp\/v2\/media\/69514"}],"wp:attachment":[{"href":"https:\/\/orheifm.live\/index.php\/wp-json\/wp\/v2\/media?parent=69513"}],"wp:term":[{"taxonomy":"category","embeddable":true,"href":"https:\/\/orheifm.live\/index.php\/wp-json\/wp\/v2\/categories?post=69513"},{"taxonomy":"post_tag","embeddable":true,"href":"https:\/\/orheifm.live\/index.php\/wp-json\/wp\/v2\/tags?post=69513"}],"curies":[{"name":"wp","href":"https:\/\/api.w.org\/{rel}","templated":true}]}}