{"id":69509,"date":"2025-03-21T15:00:33","date_gmt":"2025-03-21T13:00:33","guid":{"rendered":"https:\/\/orheifm.live\/index.php\/2025\/03\/21\/barbat-prins-in-stare-de-ebrietate-la-volan-in-balti-fara-permis-de-conducere\/"},"modified":"2025-03-21T15:00:33","modified_gmt":"2025-03-21T13:00:33","slug":"barbat-prins-in-stare-de-ebrietate-la-volan-in-balti-fara-permis-de-conducere","status":"publish","type":"post","link":"https:\/\/orheifm.live\/index.php\/2025\/03\/21\/barbat-prins-in-stare-de-ebrietate-la-volan-in-balti-fara-permis-de-conducere\/","title":{"rendered":"B\u0103rbat prins \u00een stare de ebrietate la volan \u00een B\u0103l\u021bi, f\u0103r\u0103 permis de conducere"},"content":{"rendered":"<div>\n<p><strong>Un b\u0103rbat a fost prins \u00een stare de ebrietate la volan \u00een noaptea de joi, 20 martie, la intersec\u021bia str\u0103zilor \u0218tefan cel Mare \u0219i Mihai Viteazul din municipiul B\u0103l\u021bi. <\/strong><\/p>\n<p>Echipajul mixt format dintr-un carabinier \u0219i un poli\u021bist a observat automobilul de model Audi 100, iar \u00een urma verific\u0103rilor s-a constatat c\u0103 b\u0103rbatul, \u00een v\u00e2rst\u0103 de 30 de ani, nu de\u021binea permis de conducere. Acesta a fost \u00eendep\u0103rtat de la volan, iar ma\u0219ina a fost transportat\u0103 la parcarea special\u0103.<\/p>\n<p>Pentru \u0219oferii depista\u021bi \u00een stare de ebrietate avansat\u0103 la volan, legea prevede o amend\u0103 de p\u00e2n\u0103 la 125.000 de lei sau chiar \u00eenchisoare de p\u00e2n\u0103 la 3 ani, cu anularea dreptului de a conduce. Dac\u0103 persoana nu de\u021bine permis de conducere sau este privat\u0103 de acest drept, risc\u0103 o amend\u0103 \u00eentre 125.000 \u0219i 150.000 de unit\u0103\u021bi conven\u021bionale sau \u00eenchisoare de la 2 la 5 ani.<\/p>\n<\/div>\n","protected":false},"excerpt":{"rendered":"<div><img loading=\"lazy\" decoding=\"async\" width=\"696\" height=\"391\" src=\"https:\/\/canal5.md\/wp-content\/uploads\/2025\/03\/beat-crita-la-volan-900x505-1-optimized.png\" class=\"attachment-large size-large wp-post-image\" alt=\"\" srcset=\"https:\/\/canal5.md\/wp-content\/uploads\/2025\/03\/beat-crita-la-volan-900x505-1-optimized.png 900w, https:\/\/canal5.md\/wp-content\/uploads\/2025\/03\/beat-crita-la-volan-900x505-1-300x168-optimized.png 300w, https:\/\/canal5.md\/wp-content\/uploads\/2025\/03\/beat-crita-la-volan-900x505-1-768x431-optimized.png 768w, https:\/\/canal5.md\/wp-content\/uploads\/2025\/03\/beat-crita-la-volan-900x505-1-696x391-optimized.png 696w\">Un b\u0103rbat a fost prins \u00een stare de ebrietate la volan \u00een noaptea de joi, 20 martie, la intersec\u021bia str\u0103zilor \u0218tefan cel Mare \u0219i Mihai Viteazul din municipiul B\u0103l\u021bi. Echipajul mixt format dintr-un carabinier \u0219i un poli\u021bist a observat automobilul de model Audi 100, iar \u00een urma verific\u0103rilor s-a constatat c\u0103 b\u0103rbatul, \u00een v\u00e2rst\u0103 de [\u2026]<\/div>\n","protected":false},"author":1,"featured_media":69510,"comment_status":"closed","ping_status":"closed","sticky":false,"template":"","format":"standard","meta":{"jnews-multi-image_gallery":[],"jnews_single_post":[],"jnews_primary_category":[],"jnews_social_meta":[],"jnews_override_counter":[],"footnotes":""},"categories":[30],"tags":[],"class_list":["post-69509","post","type-post","status-publish","format-standard","has-post-thumbnail","hentry","category-social_ro"],"_links":{"self":[{"href":"https:\/\/orheifm.live\/index.php\/wp-json\/wp\/v2\/posts\/69509","targetHints":{"allow":["GET"]}}],"collection":[{"href":"https:\/\/orheifm.live\/index.php\/wp-json\/wp\/v2\/posts"}],"about":[{"href":"https:\/\/orheifm.live\/index.php\/wp-json\/wp\/v2\/types\/post"}],"author":[{"embeddable":true,"href":"https:\/\/orheifm.live\/index.php\/wp-json\/wp\/v2\/users\/1"}],"replies":[{"embeddable":true,"href":"https:\/\/orheifm.live\/index.php\/wp-json\/wp\/v2\/comments?post=69509"}],"version-history":[{"count":0,"href":"https:\/\/orheifm.live\/index.php\/wp-json\/wp\/v2\/posts\/69509\/revisions"}],"wp:featuredmedia":[{"embeddable":true,"href":"https:\/\/orheifm.live\/index.php\/wp-json\/wp\/v2\/media\/69510"}],"wp:attachment":[{"href":"https:\/\/orheifm.live\/index.php\/wp-json\/wp\/v2\/media?parent=69509"}],"wp:term":[{"taxonomy":"category","embeddable":true,"href":"https:\/\/orheifm.live\/index.php\/wp-json\/wp\/v2\/categories?post=69509"},{"taxonomy":"post_tag","embeddable":true,"href":"https:\/\/orheifm.live\/index.php\/wp-json\/wp\/v2\/tags?post=69509"}],"curies":[{"name":"wp","href":"https:\/\/api.w.org\/{rel}","templated":true}]}}