{"id":69507,"date":"2025-03-21T14:30:22","date_gmt":"2025-03-21T12:30:22","guid":{"rendered":"https:\/\/orheifm.live\/index.php\/2025\/03\/21\/conor-mcgregor-va-candida-pentru-presedintia-irlandei-in-2025\/"},"modified":"2025-03-21T14:30:22","modified_gmt":"2025-03-21T12:30:22","slug":"conor-mcgregor-va-candida-pentru-presedintia-irlandei-in-2025","status":"publish","type":"post","link":"https:\/\/orheifm.live\/index.php\/2025\/03\/21\/conor-mcgregor-va-candida-pentru-presedintia-irlandei-in-2025\/","title":{"rendered":"Conor McGregor va candida pentru pre\u0219edin\u021bia Irlandei \u00een 2025"},"content":{"rendered":"<div>\n<p><strong>Conor McGregor, fost campion UFC \u0219i legend\u0103 a artelor mar\u021biale mixte, a anun\u021bat c\u0103 va candida pentru func\u021bia de pre\u0219edinte al Republicii Irlanda \u00een alegerile din noiembrie 2025. <\/strong><\/p>\n<p>\u00cen v\u00e2rst\u0103 de 36 de ani, McGregor a declarat c\u0103 va lupta \u00eempotriva Pactului european privind migra\u021bia \u0219i azilul \u0219i a avut o \u00eent\u00e2lnire cu Donald Trump la Casa Alb\u0103 pentru a discuta despre imigrarea ilegal\u0103 \u0219i protejarea identit\u0103\u021bii irlandeze.<\/p>\n<p>De\u0219i o figur\u0103 controversat\u0103 din cauza acuza\u021biilor de agresiune \u0219i viol, McGregor a promis c\u0103, dac\u0103 va fi ales, va supune Pactul european unui referendum. Fostul lupt\u0103tor MMA a afirmat c\u0103 va fi singurul care se va opune acestui pact \u0219i va ap\u0103ra Irlanda de pierderea identit\u0103\u021bii sale.<\/p>\n<\/div>\n","protected":false},"excerpt":{"rendered":"<div><img loading=\"lazy\" decoding=\"async\" width=\"696\" height=\"393\" src=\"https:\/\/canal5.md\/wp-content\/uploads\/2025\/03\/pwnmogjlzwm2ztjizjkxytywmjnmmgfjmtflmzywmddi.thumb_-optimized.jpg\" class=\"attachment-large size-large wp-post-image\" alt=\"\" srcset=\"https:\/\/canal5.md\/wp-content\/uploads\/2025\/03\/pwnmogjlzwm2ztjizjkxytywmjnmmgfjmtflmzywmddi.thumb_-optimized.jpg 780w, https:\/\/canal5.md\/wp-content\/uploads\/2025\/03\/pwnmogjlzwm2ztjizjkxytywmjnmmgfjmtflmzywmddi.thumb_-300x169-optimized.jpg 300w, https:\/\/canal5.md\/wp-content\/uploads\/2025\/03\/pwnmogjlzwm2ztjizjkxytywmjnmmgfjmtflmzywmddi.thumb_-768x433-optimized.jpg 768w, https:\/\/canal5.md\/wp-content\/uploads\/2025\/03\/pwnmogjlzwm2ztjizjkxytywmjnmmgfjmtflmzywmddi.thumb_-696x393-optimized.jpg 696w\">Conor McGregor, fost campion UFC \u0219i legend\u0103 a artelor mar\u021biale mixte, a anun\u021bat c\u0103 va candida pentru func\u021bia de pre\u0219edinte al Republicii Irlanda \u00een alegerile din noiembrie 2025. \u00cen v\u00e2rst\u0103 de 36 de ani, McGregor a declarat c\u0103 va lupta \u00eempotriva Pactului european privind migra\u021bia \u0219i azilul \u0219i a avut o \u00eent\u00e2lnire cu Donald Trump [\u2026]<\/div>\n","protected":false},"author":1,"featured_media":69508,"comment_status":"closed","ping_status":"closed","sticky":false,"template":"","format":"standard","meta":{"jnews-multi-image_gallery":[],"jnews_single_post":[],"jnews_primary_category":[],"jnews_social_meta":[],"jnews_override_counter":[],"footnotes":""},"categories":[29],"tags":[],"class_list":["post-69507","post","type-post","status-publish","format-standard","has-post-thumbnail","hentry","category-externe_ro"],"_links":{"self":[{"href":"https:\/\/orheifm.live\/index.php\/wp-json\/wp\/v2\/posts\/69507","targetHints":{"allow":["GET"]}}],"collection":[{"href":"https:\/\/orheifm.live\/index.php\/wp-json\/wp\/v2\/posts"}],"about":[{"href":"https:\/\/orheifm.live\/index.php\/wp-json\/wp\/v2\/types\/post"}],"author":[{"embeddable":true,"href":"https:\/\/orheifm.live\/index.php\/wp-json\/wp\/v2\/users\/1"}],"replies":[{"embeddable":true,"href":"https:\/\/orheifm.live\/index.php\/wp-json\/wp\/v2\/comments?post=69507"}],"version-history":[{"count":0,"href":"https:\/\/orheifm.live\/index.php\/wp-json\/wp\/v2\/posts\/69507\/revisions"}],"wp:featuredmedia":[{"embeddable":true,"href":"https:\/\/orheifm.live\/index.php\/wp-json\/wp\/v2\/media\/69508"}],"wp:attachment":[{"href":"https:\/\/orheifm.live\/index.php\/wp-json\/wp\/v2\/media?parent=69507"}],"wp:term":[{"taxonomy":"category","embeddable":true,"href":"https:\/\/orheifm.live\/index.php\/wp-json\/wp\/v2\/categories?post=69507"},{"taxonomy":"post_tag","embeddable":true,"href":"https:\/\/orheifm.live\/index.php\/wp-json\/wp\/v2\/tags?post=69507"}],"curies":[{"name":"wp","href":"https:\/\/api.w.org\/{rel}","templated":true}]}}