{"id":69501,"date":"2025-03-21T13:25:30","date_gmt":"2025-03-21T11:25:30","guid":{"rendered":"https:\/\/orheifm.live\/index.php\/2025\/03\/21\/agresor-de-39-de-ani-condamnat-pentru-tentativa-de-viol-asupra-unei-femei-de-61-de-ani\/"},"modified":"2025-03-21T13:25:30","modified_gmt":"2025-03-21T11:25:30","slug":"agresor-de-39-de-ani-condamnat-pentru-tentativa-de-viol-asupra-unei-femei-de-61-de-ani","status":"publish","type":"post","link":"https:\/\/orheifm.live\/index.php\/2025\/03\/21\/agresor-de-39-de-ani-condamnat-pentru-tentativa-de-viol-asupra-unei-femei-de-61-de-ani\/","title":{"rendered":"Agresor de 39 de ani, condamnat pentru tentativa de viol asupra unei femei de 61 de ani"},"content":{"rendered":"<div>\n<p><strong>Un b\u0103rbat de 39 de ani a fost condamnat la 6 ani de \u00eenchisoare dup\u0103 ce a \u00eencercat s\u0103 violeze o femeie de 61 de ani. Potrivit sentin\u021bei, acesta va isp\u0103\u0219i pedeapsa \u00eentr-un penitenciar de tip semi\u00eenchis.<\/strong><\/p>\n<p>\u00cen urma cercet\u0103rilor penale \u0219i judec\u0103tore\u0219ti, s-a stabilit c\u0103, pe 2 noiembrie 2023, b\u0103rbatul a \u00eencercat s\u0103 \u00eentre\u021bin\u0103 un raport sexual neconsim\u021bit cu femeia, \u00een locuin\u021ba acesteia. Totu\u0219i, inten\u021bia sa nu a fost dus\u0103 la cap\u0103t datorit\u0103 rezisten\u021bei fizice a victimei \u0219i interven\u021biei unei ter\u021be persoane.<\/p>\n<p>Instan\u021ba l-a g\u0103sit vinovat de infrac\u021biunea comis\u0103, stabilind pedeapsa de 6 ani de \u00eenchisoare. De\u0219i b\u0103rbatul a pledat nevinovat, acesta nu este la prima abatere de acest tip, av\u00e2nd antecedente penale pentru fapte similare, conform unui comunicat emis de Procuratur\u0103.<\/p>\n<\/div>\n","protected":false},"excerpt":{"rendered":"<div><img loading=\"lazy\" decoding=\"async\" width=\"696\" height=\"327\" src=\"https:\/\/canal5.md\/wp-content\/uploads\/2025\/03\/snimok-ekrana_21-3-2025_125949_unimedia.info_-optimized.jpeg\" class=\"attachment-large size-large wp-post-image\" alt=\"\" srcset=\"https:\/\/canal5.md\/wp-content\/uploads\/2025\/03\/snimok-ekrana_21-3-2025_125949_unimedia.info_-optimized.jpeg 839w, https:\/\/canal5.md\/wp-content\/uploads\/2025\/03\/snimok-ekrana_21-3-2025_125949_unimedia.info_-300x141-optimized.jpeg 300w, https:\/\/canal5.md\/wp-content\/uploads\/2025\/03\/snimok-ekrana_21-3-2025_125949_unimedia.info_-768x361-optimized.jpeg 768w, https:\/\/canal5.md\/wp-content\/uploads\/2025\/03\/snimok-ekrana_21-3-2025_125949_unimedia.info_-696x327-optimized.jpeg 696w\">Un b\u0103rbat de 39 de ani a fost condamnat la 6 ani de \u00eenchisoare dup\u0103 ce a \u00eencercat s\u0103 violeze o femeie de 61 de ani. Potrivit sentin\u021bei, acesta va isp\u0103\u0219i pedeapsa \u00eentr-un penitenciar de tip semi\u00eenchis. \u00cen urma cercet\u0103rilor penale \u0219i judec\u0103tore\u0219ti, s-a stabilit c\u0103, pe 2 noiembrie 2023, b\u0103rbatul a \u00eencercat s\u0103 \u00eentre\u021bin\u0103 [\u2026]<\/div>\n","protected":false},"author":1,"featured_media":69502,"comment_status":"closed","ping_status":"closed","sticky":false,"template":"","format":"standard","meta":{"jnews-multi-image_gallery":[],"jnews_single_post":[],"jnews_primary_category":[],"jnews_social_meta":[],"jnews_override_counter":[],"footnotes":""},"categories":[30],"tags":[],"class_list":["post-69501","post","type-post","status-publish","format-standard","has-post-thumbnail","hentry","category-social_ro"],"_links":{"self":[{"href":"https:\/\/orheifm.live\/index.php\/wp-json\/wp\/v2\/posts\/69501","targetHints":{"allow":["GET"]}}],"collection":[{"href":"https:\/\/orheifm.live\/index.php\/wp-json\/wp\/v2\/posts"}],"about":[{"href":"https:\/\/orheifm.live\/index.php\/wp-json\/wp\/v2\/types\/post"}],"author":[{"embeddable":true,"href":"https:\/\/orheifm.live\/index.php\/wp-json\/wp\/v2\/users\/1"}],"replies":[{"embeddable":true,"href":"https:\/\/orheifm.live\/index.php\/wp-json\/wp\/v2\/comments?post=69501"}],"version-history":[{"count":0,"href":"https:\/\/orheifm.live\/index.php\/wp-json\/wp\/v2\/posts\/69501\/revisions"}],"wp:featuredmedia":[{"embeddable":true,"href":"https:\/\/orheifm.live\/index.php\/wp-json\/wp\/v2\/media\/69502"}],"wp:attachment":[{"href":"https:\/\/orheifm.live\/index.php\/wp-json\/wp\/v2\/media?parent=69501"}],"wp:term":[{"taxonomy":"category","embeddable":true,"href":"https:\/\/orheifm.live\/index.php\/wp-json\/wp\/v2\/categories?post=69501"},{"taxonomy":"post_tag","embeddable":true,"href":"https:\/\/orheifm.live\/index.php\/wp-json\/wp\/v2\/tags?post=69501"}],"curies":[{"name":"wp","href":"https:\/\/api.w.org\/{rel}","templated":true}]}}