{"id":69497,"date":"2025-03-21T11:06:52","date_gmt":"2025-03-21T09:06:52","guid":{"rendered":"https:\/\/orheifm.live\/index.php\/2025\/03\/21\/tanar-de-18-ani-tinut-in-sclavie-la-o-stana-de-oi-timp-de-aproape-doua-luni\/"},"modified":"2025-03-21T11:06:52","modified_gmt":"2025-03-21T09:06:52","slug":"tanar-de-18-ani-tinut-in-sclavie-la-o-stana-de-oi-timp-de-aproape-doua-luni","status":"publish","type":"post","link":"https:\/\/orheifm.live\/index.php\/2025\/03\/21\/tanar-de-18-ani-tinut-in-sclavie-la-o-stana-de-oi-timp-de-aproape-doua-luni\/","title":{"rendered":"T\u00e2n\u0103r de 18 ani \u021binut \u00een sclavie la o st\u00e2n\u0103 de oi timp de aproape dou\u0103 luni"},"content":{"rendered":"<div>\n<p><strong>Un t\u00e2n\u0103r de 18 ani a fost for\u021bat s\u0103 munceasc\u0103 la o st\u00e2n\u0103 de oi \u0219i \u021binut \u00een condi\u021bii inumane timp de aproape dou\u0103 luni. Potrivit anchetei poli\u021biei din Cahul, principalii suspec\u021bi sunt un b\u0103rbat de 43 de ani \u0219i fiul s\u0103u de 25 de ani.<\/strong><\/p>\n<p>Conform surselor Realitatea.MD, t\u00e2n\u0103rul a \u00eencercat s\u0103 evadeze, dar a fost g\u0103sit de cei doi \u00een Vulc\u0103ne\u0219ti \u0219i, sub amenin\u021bare, a fost obligat s\u0103 se \u00eentoarc\u0103 la st\u00e2n\u0103, unde a fost din nou \u021binut captivit.<\/p>\n<p>Oamenii legii continu\u0103 s\u0103 efectueze investiga\u021bii pentru a stabili toate circumstan\u021bele cazului \u0219i pentru a lua m\u0103surile legale corespunz\u0103toare.<\/p>\n<p>Potrivit legisla\u021biei \u00een vigoare, persoanele responsabile de o astfel de infrac\u021biune risc\u0103 pedepse cu \u00eenchisoare de la 3 la 7 ani.<\/p>\n<\/div>\n","protected":false},"excerpt":{"rendered":"<div><img loading=\"lazy\" decoding=\"async\" width=\"696\" height=\"392\" src=\"https:\/\/canal5.md\/wp-content\/uploads\/2025\/03\/483106cff4309a0c4224c50432e63dde818c9b5baf721a6df8917404fffd1b8b-1024x576-optimized.png\" class=\"attachment-large size-large wp-post-image\" alt=\"\" srcset=\"https:\/\/canal5.md\/wp-content\/uploads\/2025\/03\/483106cff4309a0c4224c50432e63dde818c9b5baf721a6df8917404fffd1b8b-1024x576-optimized.png 1024w, https:\/\/canal5.md\/wp-content\/uploads\/2025\/03\/483106cff4309a0c4224c50432e63dde818c9b5baf721a6df8917404fffd1b8b-300x169-optimized.png 300w, https:\/\/canal5.md\/wp-content\/uploads\/2025\/03\/483106cff4309a0c4224c50432e63dde818c9b5baf721a6df8917404fffd1b8b-768x432-optimized.png 768w, https:\/\/canal5.md\/wp-content\/uploads\/2025\/03\/483106cff4309a0c4224c50432e63dde818c9b5baf721a6df8917404fffd1b8b-696x392-optimized.png 696w, https:\/\/canal5.md\/wp-content\/uploads\/2025\/03\/483106cff4309a0c4224c50432e63dde818c9b5baf721a6df8917404fffd1b8b-1068x601-optimized.png 1068w, https:\/\/canal5.md\/wp-content\/uploads\/2025\/03\/483106cff4309a0c4224c50432e63dde818c9b5baf721a6df8917404fffd1b8b-optimized.png 1200w\">Un t\u00e2n\u0103r de 18 ani a fost for\u021bat s\u0103 munceasc\u0103 la o st\u00e2n\u0103 de oi \u0219i \u021binut \u00een condi\u021bii inumane timp de aproape dou\u0103 luni. Potrivit anchetei poli\u021biei din Cahul, principalii suspec\u021bi sunt un b\u0103rbat de 43 de ani \u0219i fiul s\u0103u de 25 de ani. Conform surselor Realitatea.MD, t\u00e2n\u0103rul a \u00eencercat s\u0103 evadeze, dar [\u2026]<\/div>\n","protected":false},"author":1,"featured_media":69498,"comment_status":"closed","ping_status":"closed","sticky":false,"template":"","format":"standard","meta":{"jnews-multi-image_gallery":[],"jnews_single_post":[],"jnews_primary_category":[],"jnews_social_meta":[],"jnews_override_counter":[],"footnotes":""},"categories":[30],"tags":[],"class_list":["post-69497","post","type-post","status-publish","format-standard","has-post-thumbnail","hentry","category-social_ro"],"_links":{"self":[{"href":"https:\/\/orheifm.live\/index.php\/wp-json\/wp\/v2\/posts\/69497","targetHints":{"allow":["GET"]}}],"collection":[{"href":"https:\/\/orheifm.live\/index.php\/wp-json\/wp\/v2\/posts"}],"about":[{"href":"https:\/\/orheifm.live\/index.php\/wp-json\/wp\/v2\/types\/post"}],"author":[{"embeddable":true,"href":"https:\/\/orheifm.live\/index.php\/wp-json\/wp\/v2\/users\/1"}],"replies":[{"embeddable":true,"href":"https:\/\/orheifm.live\/index.php\/wp-json\/wp\/v2\/comments?post=69497"}],"version-history":[{"count":0,"href":"https:\/\/orheifm.live\/index.php\/wp-json\/wp\/v2\/posts\/69497\/revisions"}],"wp:featuredmedia":[{"embeddable":true,"href":"https:\/\/orheifm.live\/index.php\/wp-json\/wp\/v2\/media\/69498"}],"wp:attachment":[{"href":"https:\/\/orheifm.live\/index.php\/wp-json\/wp\/v2\/media?parent=69497"}],"wp:term":[{"taxonomy":"category","embeddable":true,"href":"https:\/\/orheifm.live\/index.php\/wp-json\/wp\/v2\/categories?post=69497"},{"taxonomy":"post_tag","embeddable":true,"href":"https:\/\/orheifm.live\/index.php\/wp-json\/wp\/v2\/tags?post=69497"}],"curies":[{"name":"wp","href":"https:\/\/api.w.org\/{rel}","templated":true}]}}