{"id":69493,"date":"2025-03-21T10:14:12","date_gmt":"2025-03-21T08:14:12","guid":{"rendered":"https:\/\/orheifm.live\/index.php\/2025\/03\/21\/locuitorii-municipiului-orhei-au-fost-din-nou-pedepsiti-de-catre-guvernul-pas\/"},"modified":"2025-03-21T10:14:12","modified_gmt":"2025-03-21T08:14:12","slug":"locuitorii-municipiului-orhei-au-fost-din-nou-pedepsiti-de-catre-guvernul-pas","status":"publish","type":"post","link":"https:\/\/orheifm.live\/index.php\/2025\/03\/21\/locuitorii-municipiului-orhei-au-fost-din-nou-pedepsiti-de-catre-guvernul-pas\/","title":{"rendered":"Locuitorii municipiului Orhei au fost din nou pedepsi\u021bi de c\u0103tre Guvernul PAS"},"content":{"rendered":"<div>\n<p><strong>Pentru c\u0103 majoritatea orheienilor au refuzat s\u0103 sus\u021bin\u0103 gruparea criminal\u0103 de la conducerea \u021b\u0103rii, Guvernul nu va compensa pagubele provocate de ploile toren\u021biale \u00een ora\u0219 \u00een perioada iunie-septembrie 2024.<\/strong><\/p>\n<p>Guvernarea a decis s\u0103 ajute doar opt raioane, acolo unde exist\u0103 conduceri loiale partidului de guvern\u0103m\u00e2nt aloc\u00e2nd, \u00een acest scop, 115 milioane de lei, inclusiv din banii contribuabililor din Orhei.<\/p>\n<p>Numai anul trecut, am transferat \u00een bugetul \u021b\u0103rii 37 de milioane de lei. \u00cens\u0103 c\u00e2nd orheienii au nevoie de suport din partea statului, Guvernul ignor\u0103 necesit\u0103\u021bile lor.<\/p>\n<p>Exact aceasta s-a \u00eent\u00e2mplat \u0219i \u00een cazul intemperiei din vara trecut\u0103, care a provocat municipiului \u0219i cet\u0103\u021benilor pierderi \u00een valoare de peste 800 de mii de lei.<\/p>\n<p>\u00cen ciuda solicit\u0103rilor noastre repetate de a oferi ajutor oamenilor, Guvernul nu ne-a auzit \u0219i nu i-a p\u0103sat.<\/p>\n<p>Evident, noi nu i-am abandonat, etapizat acoperim pierderile orheienilor din fondul de rezerv\u0103 al prim\u0103riei.<\/p>\n<p>Dar nu ne mai mir\u0103 indiferen\u021ba acestui guvern str\u0103in de interesele poporului moldovean. Maia Sandu ne-a avertizat \u00eenainte de alegerile preziden\u021biale: \u201eCum vom vota, a\u0219a vom tr\u0103i\u201d.<\/p>\n<p>Iar eu vreau s\u0103-i amintesc pre\u0219edintei \u0219i guvernului c\u0103 alocarea banilor din bugetul de stat localit\u0103\u021bilor pe criterii politice este o f\u0103r\u0103delege \u0219i o crim\u0103 \u00eempotriva propriilor cet\u0103\u021beni.<\/p>\n<p>\u0218i da, noi la Orhei tr\u0103im foarte bine, spre deosebire de ora\u0219ele \u0219i satele \u201eeuropene\u201d, tocmai\u00a0pentru c\u0103 am votat corect \u0219i reu\u0219im s\u0103 ne p\u0103str\u0103m independen\u021ba fa\u021b\u0103 de autorit\u0103\u021bile centrale!<\/p>\n<p>Ast\u0103zi, la \u0219edin\u021ba consiliului municipal, eu, \u00een calitate de primar, voi \u00eenainta o ini\u021biativ\u0103 de a oferi ajutor tuturor locuitorilor din Orhei din fondul de rezerv\u0103 al prim\u0103riei, celor care au fost nevoi\u021bi s\u0103 se confrunte cu fenomenele naturale.<\/p>\n<\/div>\n","protected":false},"excerpt":{"rendered":"<div><img loading=\"lazy\" decoding=\"async\" width=\"696\" height=\"392\" src=\"https:\/\/canal5.md\/wp-content\/uploads\/2025\/03\/83bcecaab6499295e89c79aa6c4d92e75b039e1b591675d01081f41524874f6d-1024x576-optimized.webp\" class=\"attachment-large size-large wp-post-image\" alt=\"\" srcset=\"https:\/\/canal5.md\/wp-content\/uploads\/2025\/03\/83bcecaab6499295e89c79aa6c4d92e75b039e1b591675d01081f41524874f6d-1024x576-optimized.webp 1024w, https:\/\/canal5.md\/wp-content\/uploads\/2025\/03\/83bcecaab6499295e89c79aa6c4d92e75b039e1b591675d01081f41524874f6d-300x169-optimized.webp 300w, https:\/\/canal5.md\/wp-content\/uploads\/2025\/03\/83bcecaab6499295e89c79aa6c4d92e75b039e1b591675d01081f41524874f6d-768x432-optimized.webp 768w, https:\/\/canal5.md\/wp-content\/uploads\/2025\/03\/83bcecaab6499295e89c79aa6c4d92e75b039e1b591675d01081f41524874f6d-696x392-optimized.webp 696w, https:\/\/canal5.md\/wp-content\/uploads\/2025\/03\/83bcecaab6499295e89c79aa6c4d92e75b039e1b591675d01081f41524874f6d-1068x601-optimized.webp 1068w, https:\/\/canal5.md\/wp-content\/uploads\/2025\/03\/83bcecaab6499295e89c79aa6c4d92e75b039e1b591675d01081f41524874f6d-optimized.webp 1200w\">Pentru c\u0103 majoritatea orheienilor au refuzat s\u0103 sus\u021bin\u0103 gruparea criminal\u0103 de la conducerea \u021b\u0103rii, Guvernul nu va compensa pagubele provocate de ploile toren\u021biale \u00een ora\u0219 \u00een perioada iunie-septembrie 2024. Guvernarea a decis s\u0103 ajute doar opt raioane, acolo unde exist\u0103 conduceri loiale partidului de guvern\u0103m\u00e2nt aloc\u00e2nd, \u00een acest scop, 115 milioane de lei, inclusiv din [\u2026]<\/div>\n","protected":false},"author":1,"featured_media":69494,"comment_status":"closed","ping_status":"closed","sticky":false,"template":"","format":"standard","meta":{"jnews-multi-image_gallery":[],"jnews_single_post":[],"jnews_primary_category":[],"jnews_social_meta":[],"jnews_override_counter":[],"footnotes":""},"categories":[23],"tags":[],"class_list":["post-69493","post","type-post","status-publish","format-standard","has-post-thumbnail","hentry","category-politica_ro"],"_links":{"self":[{"href":"https:\/\/orheifm.live\/index.php\/wp-json\/wp\/v2\/posts\/69493","targetHints":{"allow":["GET"]}}],"collection":[{"href":"https:\/\/orheifm.live\/index.php\/wp-json\/wp\/v2\/posts"}],"about":[{"href":"https:\/\/orheifm.live\/index.php\/wp-json\/wp\/v2\/types\/post"}],"author":[{"embeddable":true,"href":"https:\/\/orheifm.live\/index.php\/wp-json\/wp\/v2\/users\/1"}],"replies":[{"embeddable":true,"href":"https:\/\/orheifm.live\/index.php\/wp-json\/wp\/v2\/comments?post=69493"}],"version-history":[{"count":0,"href":"https:\/\/orheifm.live\/index.php\/wp-json\/wp\/v2\/posts\/69493\/revisions"}],"wp:featuredmedia":[{"embeddable":true,"href":"https:\/\/orheifm.live\/index.php\/wp-json\/wp\/v2\/media\/69494"}],"wp:attachment":[{"href":"https:\/\/orheifm.live\/index.php\/wp-json\/wp\/v2\/media?parent=69493"}],"wp:term":[{"taxonomy":"category","embeddable":true,"href":"https:\/\/orheifm.live\/index.php\/wp-json\/wp\/v2\/categories?post=69493"},{"taxonomy":"post_tag","embeddable":true,"href":"https:\/\/orheifm.live\/index.php\/wp-json\/wp\/v2\/tags?post=69493"}],"curies":[{"name":"wp","href":"https:\/\/api.w.org\/{rel}","templated":true}]}}