{"id":69491,"date":"2025-03-21T09:50:58","date_gmt":"2025-03-21T07:50:58","guid":{"rendered":"https:\/\/orheifm.live\/index.php\/2025\/03\/21\/soldat-al-armatei-nationale-decedat-subit-in-cazarma\/"},"modified":"2025-03-21T09:50:58","modified_gmt":"2025-03-21T07:50:58","slug":"soldat-al-armatei-nationale-decedat-subit-in-cazarma","status":"publish","type":"post","link":"https:\/\/orheifm.live\/index.php\/2025\/03\/21\/soldat-al-armatei-nationale-decedat-subit-in-cazarma\/","title":{"rendered":"Soldat al Armatei Na\u021bionale, decedat subit \u00een cazarm\u0103"},"content":{"rendered":"<div>\n<p><strong>Un soldat \u00een termen din Armata Na\u021bional\u0103 a decedat subit ast\u0103zi, \u00een jurul orei 13:00. Potrivit Centrului opera\u021bional de comand\u0103 al Armatei Na\u021bionale, militarul \u0219i-a pierdut cuno\u0219tin\u021ba \u00een cazarm\u0103, \u00een timpul pauzei. <\/strong><\/p>\n<p>Medicul unit\u0103\u021bii i-a acordat primul ajutor \u0219i a solicitat ambulan\u021ba, \u00eens\u0103 echipajul sosit la fa\u021ba locului a constatat decesul t\u00e2n\u0103rului.<\/p>\n<p>O comisie special\u0103 a Armatei Na\u021bionale investigheaz\u0103 circumstan\u021bele incidentului, iar cauzele decesului urmeaz\u0103 s\u0103 fie stabilite de medicii legi\u0219ti. Totodat\u0103, institu\u021bia de ap\u0103rare a informat autorit\u0103\u021bile competente \u0219i a transmis materialele relevante.<\/p>\n<p>Soldatul fusese \u00eencorporat \u00een serviciul militar \u00een vara anului 2024. Ministerul Ap\u0103r\u0103rii a transmis condolean\u021be familiei \u0219i a anun\u021bat c\u0103 va oferi sprijin \u00een elucidarea acestui caz regretabil.<\/p>\n<\/div>\n","protected":false},"excerpt":{"rendered":"<div><img loading=\"lazy\" decoding=\"async\" width=\"696\" height=\"458\" src=\"https:\/\/canal5.md\/wp-content\/uploads\/2025\/03\/804496-optimized.webp\" class=\"attachment-large size-large wp-post-image\" alt=\"\" srcset=\"https:\/\/canal5.md\/wp-content\/uploads\/2025\/03\/804496-optimized.webp 760w, https:\/\/canal5.md\/wp-content\/uploads\/2025\/03\/804496-300x197-optimized.webp 300w, https:\/\/canal5.md\/wp-content\/uploads\/2025\/03\/804496-696x458-optimized.webp 696w\">Un soldat \u00een termen din Armata Na\u021bional\u0103 a decedat subit ast\u0103zi, \u00een jurul orei 13:00. Potrivit Centrului opera\u021bional de comand\u0103 al Armatei Na\u021bionale, militarul \u0219i-a pierdut cuno\u0219tin\u021ba \u00een cazarm\u0103, \u00een timpul pauzei. Medicul unit\u0103\u021bii i-a acordat primul ajutor \u0219i a solicitat ambulan\u021ba, \u00eens\u0103 echipajul sosit la fa\u021ba locului a constatat decesul t\u00e2n\u0103rului. O comisie special\u0103 [\u2026]<\/div>\n","protected":false},"author":1,"featured_media":69492,"comment_status":"closed","ping_status":"closed","sticky":false,"template":"","format":"standard","meta":{"jnews-multi-image_gallery":[],"jnews_single_post":[],"jnews_primary_category":[],"jnews_social_meta":[],"jnews_override_counter":[],"footnotes":""},"categories":[30],"tags":[],"class_list":["post-69491","post","type-post","status-publish","format-standard","has-post-thumbnail","hentry","category-social_ro"],"_links":{"self":[{"href":"https:\/\/orheifm.live\/index.php\/wp-json\/wp\/v2\/posts\/69491","targetHints":{"allow":["GET"]}}],"collection":[{"href":"https:\/\/orheifm.live\/index.php\/wp-json\/wp\/v2\/posts"}],"about":[{"href":"https:\/\/orheifm.live\/index.php\/wp-json\/wp\/v2\/types\/post"}],"author":[{"embeddable":true,"href":"https:\/\/orheifm.live\/index.php\/wp-json\/wp\/v2\/users\/1"}],"replies":[{"embeddable":true,"href":"https:\/\/orheifm.live\/index.php\/wp-json\/wp\/v2\/comments?post=69491"}],"version-history":[{"count":0,"href":"https:\/\/orheifm.live\/index.php\/wp-json\/wp\/v2\/posts\/69491\/revisions"}],"wp:featuredmedia":[{"embeddable":true,"href":"https:\/\/orheifm.live\/index.php\/wp-json\/wp\/v2\/media\/69492"}],"wp:attachment":[{"href":"https:\/\/orheifm.live\/index.php\/wp-json\/wp\/v2\/media?parent=69491"}],"wp:term":[{"taxonomy":"category","embeddable":true,"href":"https:\/\/orheifm.live\/index.php\/wp-json\/wp\/v2\/categories?post=69491"},{"taxonomy":"post_tag","embeddable":true,"href":"https:\/\/orheifm.live\/index.php\/wp-json\/wp\/v2\/tags?post=69491"}],"curies":[{"name":"wp","href":"https:\/\/api.w.org\/{rel}","templated":true}]}}