{"id":69487,"date":"2025-03-21T09:09:26","date_gmt":"2025-03-21T07:09:26","guid":{"rendered":"https:\/\/orheifm.live\/index.php\/2025\/03\/21\/primavara-si-a-reintrat-in-drepturi-vremea-s-a-incalzit\/"},"modified":"2025-03-21T09:09:26","modified_gmt":"2025-03-21T07:09:26","slug":"primavara-si-a-reintrat-in-drepturi-vremea-s-a-incalzit","status":"publish","type":"post","link":"https:\/\/orheifm.live\/index.php\/2025\/03\/21\/primavara-si-a-reintrat-in-drepturi-vremea-s-a-incalzit\/","title":{"rendered":"Prim\u0103vara \u0219i-a reintrat \u00een drepturi: vremea s-a \u00eenc\u0103lzit"},"content":{"rendered":"<div>\n<p><strong>Prim\u0103vara \u0219i-a reintrat \u00een drepturi: meteorologii au prognozat o \u00eenc\u0103lzire. Cerul va fi variabil, iar precipita\u021biile vor lipsi.<\/strong><\/p>\n<p>\u00cen sudul \u021b\u0103rii, temperaturile diurne vor atinge +16\u2026+18 \u00b0C, \u00een centru se vor \u00eenregistra +14\u2026+16 \u00b0C, iar \u00een nord termometrele vor indica +11\u2026+13 \u00b0C.<\/p>\n<\/div>\n","protected":false},"excerpt":{"rendered":"<div><img loading=\"lazy\" decoding=\"async\" width=\"696\" height=\"458\" src=\"https:\/\/canal5.md\/wp-content\/uploads\/2025\/03\/804564-optimized.webp\" class=\"attachment-large size-large wp-post-image\" alt=\"\" srcset=\"https:\/\/canal5.md\/wp-content\/uploads\/2025\/03\/804564-optimized.webp 760w, https:\/\/canal5.md\/wp-content\/uploads\/2025\/03\/804564-300x197-optimized.webp 300w, https:\/\/canal5.md\/wp-content\/uploads\/2025\/03\/804564-696x458-optimized.webp 696w\">Prim\u0103vara \u0219i-a reintrat \u00een drepturi: meteorologii au prognozat o \u00eenc\u0103lzire. Cerul va fi variabil, iar precipita\u021biile vor lipsi. \u00cen sudul \u021b\u0103rii, temperaturile diurne vor atinge +16\u2026+18 \u00b0C, \u00een centru se vor \u00eenregistra +14\u2026+16 \u00b0C, iar \u00een nord termometrele vor indica +11\u2026+13 \u00b0C.<\/div>\n","protected":false},"author":1,"featured_media":69488,"comment_status":"closed","ping_status":"closed","sticky":false,"template":"","format":"standard","meta":{"jnews-multi-image_gallery":[],"jnews_single_post":[],"jnews_primary_category":[],"jnews_social_meta":[],"jnews_override_counter":[],"footnotes":""},"categories":[30],"tags":[],"class_list":["post-69487","post","type-post","status-publish","format-standard","has-post-thumbnail","hentry","category-social_ro"],"_links":{"self":[{"href":"https:\/\/orheifm.live\/index.php\/wp-json\/wp\/v2\/posts\/69487","targetHints":{"allow":["GET"]}}],"collection":[{"href":"https:\/\/orheifm.live\/index.php\/wp-json\/wp\/v2\/posts"}],"about":[{"href":"https:\/\/orheifm.live\/index.php\/wp-json\/wp\/v2\/types\/post"}],"author":[{"embeddable":true,"href":"https:\/\/orheifm.live\/index.php\/wp-json\/wp\/v2\/users\/1"}],"replies":[{"embeddable":true,"href":"https:\/\/orheifm.live\/index.php\/wp-json\/wp\/v2\/comments?post=69487"}],"version-history":[{"count":0,"href":"https:\/\/orheifm.live\/index.php\/wp-json\/wp\/v2\/posts\/69487\/revisions"}],"wp:featuredmedia":[{"embeddable":true,"href":"https:\/\/orheifm.live\/index.php\/wp-json\/wp\/v2\/media\/69488"}],"wp:attachment":[{"href":"https:\/\/orheifm.live\/index.php\/wp-json\/wp\/v2\/media?parent=69487"}],"wp:term":[{"taxonomy":"category","embeddable":true,"href":"https:\/\/orheifm.live\/index.php\/wp-json\/wp\/v2\/categories?post=69487"},{"taxonomy":"post_tag","embeddable":true,"href":"https:\/\/orheifm.live\/index.php\/wp-json\/wp\/v2\/tags?post=69487"}],"curies":[{"name":"wp","href":"https:\/\/api.w.org\/{rel}","templated":true}]}}