{"id":69485,"date":"2025-03-20T22:49:39","date_gmt":"2025-03-20T20:49:39","guid":{"rendered":"https:\/\/orheifm.live\/index.php\/2025\/03\/20\/cartea-de-identitate-va-fi-eliberata-gratuit-pentru-primul-milion-de-solicitanti\/"},"modified":"2025-03-20T22:49:39","modified_gmt":"2025-03-20T20:49:39","slug":"cartea-de-identitate-va-fi-eliberata-gratuit-pentru-primul-milion-de-solicitanti","status":"publish","type":"post","link":"https:\/\/orheifm.live\/index.php\/2025\/03\/20\/cartea-de-identitate-va-fi-eliberata-gratuit-pentru-primul-milion-de-solicitanti\/","title":{"rendered":"Cartea de identitate va fi eliberat\u0103 gratuit pentru primul milion de solicitan\u021bi"},"content":{"rendered":"<div>\n<p><strong>Prima \u00eenscriere a certificatului calificat pentru semn\u0103tur\u0103 electronic\u0103, concomitent cu eliberarea c\u0103r\u021bii de identitate, se va efectua \u00een mod gratuit pentru primul milion de persoane fizice. O prevedere \u00een acest sens se con\u021bine \u00eentr-un proiect de hot\u0103r\u00e2re elaborat de c\u0103tre Cancelaria de Stat, transmite IPN.<\/strong><\/p>\n<p>Potrivit proiectului, primul milion de persoane fizice, cet\u0103\u021beni ai Republicii Moldova, care solicit\u0103 eliberarea primei c\u0103r\u021bi de identitate \u00een termenul maximal stabilit pentru prestarea serviciului respectiv vor primi documentul gratuit.<\/p>\n<p>Totodat\u0103, primul milion de moldoveni care solicit\u0103 eliberarea primului certificat calificat pentru semn\u0103tur\u0103 electronic\u0103 ce se \u00eenscrie \u00een cartea de identitate, indiferent de termenul \u00een care a fost solicitat\u0103 prima carte de identitate, inclusiv acelea care beneficiaz\u0103 de \u00eenlesniri la prestarea serviciului de certificare a cheilor publice pentru cartea de identitate, vor fi scuti\u021bi de plata tarifului.<\/p>\n<p>Primul milion de persoane fizice, care vor ob\u021bine primul certificat calificat pentru semn\u0103tur\u0103 electronic\u0103 ce se \u00eenscrie \u00een cartea de identitate, inclusiv acelea care beneficiaz\u0103 de \u00eenlesniri la prestarea serviciilor de certificare a cheilor publice, vor beneficia \u00een mod gratuit de un cititor de carduri inteligente.<\/p>\n<p>Potrivit proiectului, serviciile de eliberare a c\u0103r\u021bii de identitate vor fi prestate \u00een mod gratuit, la prima eliberare cet\u0103\u021benilor Republicii Moldova, care anterior nu au de\u021binut buletin de identitate, inclusiv electronic. De asemenea, gratuit\u0103\u021bi vor fi pentru pensionari, persoane cu dizabilitate sever\u0103, accentuat\u0103 sau medie, pentru veterani de r\u0103zboi, participan\u021bii la lichidarea consecin\u021belor avariei de la Cernob\u00eel etc.<\/p>\n<p>\u00cen proiect se propune un tarif de 290 de lei pentru eliberarea c\u0103r\u021bii de identitate \u00een termen maximal (20 de zile lucr\u0103toare), cu aplicarea coeficien\u021bilor de majorare a tarifelor pentru prestarea serviciului conform op\u021biunii de urgen\u021b\u0103 \u00een m\u0103rime de 1,75; 2,5; 3,25 sau 4 \u00een func\u021bie de termenul de prestare: 10, 5 zile lucr\u0103toare, o zi lucr\u0103toare sau la momentul adres\u0103rii. Tariful pentru eliberarea c\u0103r\u021bii de identitate provizorii va fi 100 de lei.<\/p>\n<\/div>\n","protected":false},"excerpt":{"rendered":"<div><img loading=\"lazy\" decoding=\"async\" width=\"696\" height=\"464\" src=\"https:\/\/canal5.md\/wp-content\/uploads\/2025\/03\/1113009__67dc2f3f38751-optimized.jpg\" class=\"attachment-large size-large wp-post-image\" alt=\"\" srcset=\"https:\/\/canal5.md\/wp-content\/uploads\/2025\/03\/1113009__67dc2f3f38751-optimized.jpg 750w, https:\/\/canal5.md\/wp-content\/uploads\/2025\/03\/1113009__67dc2f3f38751-300x200-optimized.jpg 300w, https:\/\/canal5.md\/wp-content\/uploads\/2025\/03\/1113009__67dc2f3f38751-696x464-optimized.jpg 696w\">Prima \u00eenscriere a certificatului calificat pentru semn\u0103tur\u0103 electronic\u0103, concomitent cu eliberarea c\u0103r\u021bii de identitate, se va efectua \u00een mod gratuit pentru primul milion de persoane fizice. O prevedere \u00een acest sens se con\u021bine \u00eentr-un proiect de hot\u0103r\u00e2re elaborat de c\u0103tre Cancelaria de Stat, transmite IPN. Potrivit proiectului, primul milion de persoane fizice, cet\u0103\u021beni ai Republicii [\u2026]<\/div>\n","protected":false},"author":1,"featured_media":69486,"comment_status":"closed","ping_status":"closed","sticky":false,"template":"","format":"standard","meta":{"jnews-multi-image_gallery":[],"jnews_single_post":[],"jnews_primary_category":[],"jnews_social_meta":[],"jnews_override_counter":[],"footnotes":""},"categories":[30],"tags":[],"class_list":["post-69485","post","type-post","status-publish","format-standard","has-post-thumbnail","hentry","category-social_ro"],"_links":{"self":[{"href":"https:\/\/orheifm.live\/index.php\/wp-json\/wp\/v2\/posts\/69485","targetHints":{"allow":["GET"]}}],"collection":[{"href":"https:\/\/orheifm.live\/index.php\/wp-json\/wp\/v2\/posts"}],"about":[{"href":"https:\/\/orheifm.live\/index.php\/wp-json\/wp\/v2\/types\/post"}],"author":[{"embeddable":true,"href":"https:\/\/orheifm.live\/index.php\/wp-json\/wp\/v2\/users\/1"}],"replies":[{"embeddable":true,"href":"https:\/\/orheifm.live\/index.php\/wp-json\/wp\/v2\/comments?post=69485"}],"version-history":[{"count":0,"href":"https:\/\/orheifm.live\/index.php\/wp-json\/wp\/v2\/posts\/69485\/revisions"}],"wp:featuredmedia":[{"embeddable":true,"href":"https:\/\/orheifm.live\/index.php\/wp-json\/wp\/v2\/media\/69486"}],"wp:attachment":[{"href":"https:\/\/orheifm.live\/index.php\/wp-json\/wp\/v2\/media?parent=69485"}],"wp:term":[{"taxonomy":"category","embeddable":true,"href":"https:\/\/orheifm.live\/index.php\/wp-json\/wp\/v2\/categories?post=69485"},{"taxonomy":"post_tag","embeddable":true,"href":"https:\/\/orheifm.live\/index.php\/wp-json\/wp\/v2\/tags?post=69485"}],"curies":[{"name":"wp","href":"https:\/\/api.w.org\/{rel}","templated":true}]}}