{"id":69483,"date":"2025-03-20T22:43:49","date_gmt":"2025-03-20T20:43:49","guid":{"rendered":"https:\/\/orheifm.live\/index.php\/2025\/03\/20\/o-reuniune-americano-ucraineana-va-avea-loc-in-arabia-saudita-in-paralel-cu-cea-americano-rusa-anuntul-facut-de-zelenski\/"},"modified":"2025-03-20T22:43:49","modified_gmt":"2025-03-20T20:43:49","slug":"o-reuniune-americano-ucraineana-va-avea-loc-in-arabia-saudita-in-paralel-cu-cea-americano-rusa-anuntul-facut-de-zelenski","status":"publish","type":"post","link":"https:\/\/orheifm.live\/index.php\/2025\/03\/20\/o-reuniune-americano-ucraineana-va-avea-loc-in-arabia-saudita-in-paralel-cu-cea-americano-rusa-anuntul-facut-de-zelenski\/","title":{"rendered":"O reuniune americano-ucrainean\u0103 va avea loc \u00een Arabia Saudit\u0103 \u00een paralel cu cea americano-rus\u0103. Anun\u021bul f\u0103cut de Zelenski"},"content":{"rendered":"<div>\n<p><strong>Pre\u015fedintele ucrainean Volodimir Zelenski a anun\u0163at, joi, c\u0103 o delega\u0163ie ucrainean\u0103 se va \u00eent\u00e2lni luni \u00een Arabia Saudit\u0103 cu oficiali americani, \u00een aceea\u015fi zi \u015fi \u00een acela\u015fi loc urm\u00e2nd s\u0103 se desf\u0103\u015foare de asemenea o reuniune ruso-american\u0103, relateaz\u0103 agen\u0163iile Reuters \u015fi EFE, potrivit Agerpres.\u00a0 <\/strong><\/p>\n<p>Ambele reuniuni se vor desf\u0103\u015fura la nivel de exper\u0163i, iar conform declara\u0163iilor p\u0103r\u0163ilor implicate vor aborda detaliile tehnice ale armisti\u0163iului par\u0163ial convenit mar\u0163i \u00eentr-o convorbire telefonic\u0103 de pre\u015fedin\u0163ii rus \u015fi american, Vladimir Putin \u015fi Donald Trump, ce prive\u015fte un moratoriu prin care Ucraina \u015fi Rusia s\u0103 opreasc\u0103 reciproc timp de 30 de zile atacurile asupra infrastructurilor enegetice, precum \u015fi extinderea acestui armisti\u0163iu \u00een Marea Neagr\u0103, referire la asigurarea securit\u0103\u0163ii exporturilor ucrainene de cereale.<\/p>\n<p>Vorbind la o conferin\u0163\u0103 de pres\u0103 \u00een Norvegia, Zelenski a spus c\u0103 delega\u0163ia ucrainean\u0103 va propune la \u00eent\u00e2lnirea din Arabia Saudit\u0103 o list\u0103 cu tipurile de infrastructuri care s\u0103 fac\u0103 obiectul armisti\u0163iului, astfel \u00eenc\u00e2t s\u0103 fie incluse \u00een aceast\u0103 \u00eencetare a focului de asemenea instala\u0163ii care nu fac parte din sectorul energetic. Casa Alb\u0103 \u015fi Kremlinul au folosit \u00een anun\u0163area \u00een\u0163elegeri convenite mar\u0163i de Trump \u015fi Putin formul\u0103ri ce sugereaz\u0103 o posibil\u0103 interpretare diferit\u0103 a obiectului armisti\u0163iului.<\/p>\n<p>Astfel, \u00een timp ce Kremlinul a men\u0163ionat c\u0103 \u00eencetarea focului prive\u015fte un moratoriu privind atacurile asupra \u201einfrastructurii energetice\u201d, Casa Alb\u0103 a folosit expresia \u201earmisti\u0163iu privind energia \u015fi infrastructura\u201d, formul\u0103 din care s-ar putea \u00een\u0163elege c\u0103 armisti\u0163iul ar trebui s\u0103 acopere nu doar infrastructurile energetice (rafin\u0103rii, depozite de combustibil, centrale electrice etc), ci \u015fi alte tipuri de infrastructuri.<\/p>\n<p>Totu\u015fi, purt\u0103toarea de cuv\u00e2nt a Ministerului rus de Externe, Maria Zaharova, a asigurat joi c\u0103 nu exist\u0103 nicio contradic\u0163ie \u00een ce prive\u015fte obiectul armisti\u0163iului \u015fi c\u0103 Rusia \u015fi SUA sunt de acord c\u0103 acesta se refer\u0103 exclusiv la infrastructurile energetice. Niciodat\u0103 dou\u0103 \u0163\u0103ri nu vor emite comunicate identice, iar \u00een cazul de fa\u0163\u0103 trebuie re\u0163inut c\u0103 nu exist\u0103 contradic\u0163ii, a precizat Zaharova, potrivit Reuters.<\/p>\n<p>Delega\u0163ia rus\u0103 care va participa la noile discu\u0163ii cu SUA va fi condus\u0103 de Grigori Karazin, pre\u015fedintele comisiei pentru afaceri externe din camera superioar\u0103 a parlamentului rus, \u015fi de Serghei Beseda, un consilier al \u015fefului Serviciului Federal de Securitate al Federa\u0163iei Ruse (FSB).<br \/>\n<a href=\"https:\/\/www.digi24.ro\/stiri\/externe\/o-reuniune-americano-ucraineana-va-avea-loc-in-arabia-saudita-in-paralel-cu-cea-americano-rusa-anuntul-facut-de-zelenski-3165951\">digi24.ro<\/a><\/p>\n<\/div>\n","protected":false},"excerpt":{"rendered":"<div><img loading=\"lazy\" decoding=\"async\" width=\"696\" height=\"393\" src=\"https:\/\/canal5.md\/wp-content\/uploads\/2025\/03\/yzkxmda5mjrjnzzjmgiwowrhztyznjvimmvlna.thumb_-optimized.jpg\" class=\"attachment-large size-large wp-post-image\" alt=\"\" srcset=\"https:\/\/canal5.md\/wp-content\/uploads\/2025\/03\/yzkxmda5mjrjnzzjmgiwowrhztyznjvimmvlna.thumb_-optimized.jpg 780w, https:\/\/canal5.md\/wp-content\/uploads\/2025\/03\/yzkxmda5mjrjnzzjmgiwowrhztyznjvimmvlna.thumb_-300x169-optimized.jpg 300w, https:\/\/canal5.md\/wp-content\/uploads\/2025\/03\/yzkxmda5mjrjnzzjmgiwowrhztyznjvimmvlna.thumb_-768x433-optimized.jpg 768w, https:\/\/canal5.md\/wp-content\/uploads\/2025\/03\/yzkxmda5mjrjnzzjmgiwowrhztyznjvimmvlna.thumb_-696x393-optimized.jpg 696w\">Pre\u015fedintele ucrainean Volodimir Zelenski a anun\u0163at, joi, c\u0103 o delega\u0163ie ucrainean\u0103 se va \u00eent\u00e2lni luni \u00een Arabia Saudit\u0103 cu oficiali americani, \u00een aceea\u015fi zi \u015fi \u00een acela\u015fi loc urm\u00e2nd s\u0103 se desf\u0103\u015foare de asemenea o reuniune ruso-american\u0103, relateaz\u0103 agen\u0163iile Reuters \u015fi EFE, potrivit Agerpres.\u00a0 Ambele reuniuni se vor desf\u0103\u015fura la nivel de exper\u0163i, iar conform [\u2026]<\/div>\n","protected":false},"author":1,"featured_media":69484,"comment_status":"closed","ping_status":"closed","sticky":false,"template":"","format":"standard","meta":{"jnews-multi-image_gallery":[],"jnews_single_post":[],"jnews_primary_category":[],"jnews_social_meta":[],"jnews_override_counter":[],"footnotes":""},"categories":[29],"tags":[],"class_list":["post-69483","post","type-post","status-publish","format-standard","has-post-thumbnail","hentry","category-externe_ro"],"_links":{"self":[{"href":"https:\/\/orheifm.live\/index.php\/wp-json\/wp\/v2\/posts\/69483","targetHints":{"allow":["GET"]}}],"collection":[{"href":"https:\/\/orheifm.live\/index.php\/wp-json\/wp\/v2\/posts"}],"about":[{"href":"https:\/\/orheifm.live\/index.php\/wp-json\/wp\/v2\/types\/post"}],"author":[{"embeddable":true,"href":"https:\/\/orheifm.live\/index.php\/wp-json\/wp\/v2\/users\/1"}],"replies":[{"embeddable":true,"href":"https:\/\/orheifm.live\/index.php\/wp-json\/wp\/v2\/comments?post=69483"}],"version-history":[{"count":0,"href":"https:\/\/orheifm.live\/index.php\/wp-json\/wp\/v2\/posts\/69483\/revisions"}],"wp:featuredmedia":[{"embeddable":true,"href":"https:\/\/orheifm.live\/index.php\/wp-json\/wp\/v2\/media\/69484"}],"wp:attachment":[{"href":"https:\/\/orheifm.live\/index.php\/wp-json\/wp\/v2\/media?parent=69483"}],"wp:term":[{"taxonomy":"category","embeddable":true,"href":"https:\/\/orheifm.live\/index.php\/wp-json\/wp\/v2\/categories?post=69483"},{"taxonomy":"post_tag","embeddable":true,"href":"https:\/\/orheifm.live\/index.php\/wp-json\/wp\/v2\/tags?post=69483"}],"curies":[{"name":"wp","href":"https:\/\/api.w.org\/{rel}","templated":true}]}}