{"id":69481,"date":"2025-03-20T22:46:29","date_gmt":"2025-03-20T20:46:29","guid":{"rendered":"https:\/\/orheifm.live\/index.php\/2025\/03\/20\/ncalcarile-la-locul-de-munca-pot-fi-raportate-gratuit-pe-platforma-lucrezlegal-md\/"},"modified":"2025-03-20T22:46:29","modified_gmt":"2025-03-20T20:46:29","slug":"ncalcarile-la-locul-de-munca-pot-fi-raportate-gratuit-pe-platforma-lucrezlegal-md","status":"publish","type":"post","link":"https:\/\/orheifm.live\/index.php\/2025\/03\/20\/ncalcarile-la-locul-de-munca-pot-fi-raportate-gratuit-pe-platforma-lucrezlegal-md\/","title":{"rendered":"\u00cenc\u0103lc\u0103rile la locul de munc\u0103 pot fi raportate gratuit pe platforma lucrezlegal.md"},"content":{"rendered":"<div>\n<p><strong>Orice persoan\u0103 care lucreaz\u0103 pe teritoriul Republicii Moldova are posibilitatea s\u0103 semnaleze \u00eenc\u0103lc\u0103rile cu care se confrunt\u0103 \u00een c\u00e2mpul muncii, prin intermediul platformei\u00a0<a href=\"http:\/\/lucrezlegal.md\/\">lucrezlegal.md<\/a>, lansat\u0103 joi la Chi\u0219in\u0103u. Depunea peti\u021biilor este gratuit\u0103, transmite IPN.<\/strong><\/p>\n<p>Ministerul Muncii \u0219i Protec\u021biei Sociale precizeaz\u0103, \u00eentr-un comunicat de pres\u0103, c\u0103 unul din patru angaja\u021bi munce\u0219te ilegal, f\u0103r\u0103 contract de munc\u0103 \u0219i f\u0103r\u0103 un salariu oficial, primind, \u00een schimb, bani \u201e\u00een plic\u201d. \u201eAceast\u0103 practic\u0103 pune \u00een pericol securitatea economic\u0103 \u0219i social\u0103 a angaja\u021bilor, iar lipsa protec\u021biei sociale \u0219i a asigur\u0103rii medicale supune persoanele vulnerabile unor riscuri mari\u201d, avertizeaz\u0103 autorit\u0103\u021bile \u00een domeniu.<\/p>\n<p>Ministrul Alexei Buzu afirm\u0103 c\u0103 \u201ecea mai bun\u0103 form\u0103 de protec\u021bie social\u0103 este un loc de munc\u0103 legal, bine pl\u0103tit \u0219i cu condi\u021bii sigure de munc\u0103\u201d. Oficialul mai constat\u0103 c\u0103 multe persoane, ajung\u00e2nd la pensie, se pomenesc cu faptul c\u0103 le-a fost calculat\u0103 o pensie prea mic\u0103 sau c\u0103 nu le ajung ani de munc\u0103 pentru stagiul complet. Potrivit ministrului, acest fenomen este des \u00eent\u00e2lnit \u00een Moldova din cauza muncii ilegale, f\u0103r\u0103 un contract de munc\u0103 sau din cauza muncii subdeclarate. \u201eLa minister, al\u0103turi de inspectorii de la ISM, ne-am propus s\u0103 combatem acest fenomen, care afecteaz\u0103 at\u00e2t calitatea vie\u021bii cet\u0103\u021benilor no\u0219tri, c\u00e2t \u0219i economia \u021b\u0103rii \u00een ansamblu\u201d, a men\u021bionat Alexei Buzu, citat \u00een comunicatul ministerului.<\/p>\n<p>\u0218eful Inspec\u021biei teritoriale de munc\u0103 Chi\u0219in\u0103u, Andrei Prisacari, a punctat c\u0103 semnalarea cazurilor \u00een care drepturile angaja\u021bilor sunt \u00eenc\u0103lcate permite interven\u021bia rapid\u0103, desf\u0103\u0219urarea eficient\u0103 a controalelor \u0219i luarea m\u0103surilor necesare pentru respectarea legisla\u021biei muncii. \u201eInspectorii de munc\u0103 analizeaz\u0103 fiecare sesizare \u0219i intervin, pentru a verifica situa\u021bia raportat\u0103 \u0219i a asigura respectarea drepturilor salaria\u021bilor\u201d, a precizat \u0219eful Inspec\u021biei teritoriale.<\/p>\n<p>Andrei Prisacari a ad\u0103ugat c\u0103 \u201eInspectoratul de Stat al Muncii continu\u0103 eforturile de reform\u0103, pentru a \u00eembun\u0103t\u0103\u021bi mecanismele de control \u0219i sprijin at\u00e2t pentru angaja\u021bi, c\u00e2t \u0219i pentru angajatori, dezvolt\u00e2nd structuri noi, menite s\u0103 ofere consultan\u021b\u0103, suport metodologic \u0219i asisten\u021b\u0103 direct\u0103 celor care au nevoie\u201d.<\/p>\n<p>Managerul de proiect la Organiza\u021bia Interna\u021bional\u0103 a Muncii, Violeta Vrabie, a subliniat c\u0103 aceast\u0103 platform\u0103 \u201e\u00eemputernice\u0219te angaja\u021bii s\u0103-\u0219i cunoasc\u0103 drepturile, stabile\u0219te o coeziune \u00eentre autorit\u0103\u021bi \u0219i lucr\u0103tori, precum \u0219i simplific\u0103 modalitatea de raportare a abuzurilor \u00een ceea ce prive\u0219te lipsa contractelor de munc\u0103\u201d.<\/p>\n<p>\u201eLansarea lucrezlegal.md face parte dintr-un \u0219ir de m\u0103suri de sprijin din partea Organiza\u021biei Interna\u021bionale a Muncii, cu scopul de a combate munca nedeclarat\u0103\u201d, a precizat Violeta Vrabie.<\/p>\n<p>Peti\u021bia va include informa\u021bii despre persoana semnatar\u0103, datele angajatorului \u0219i o descriere detaliat\u0103 a situa\u021biei de munc\u0103.<\/p>\n<p>Persoanele care depun o peti\u021bie beneficiaz\u0103 de confiden\u021bialitate garantat\u0103 de lege pe toat\u0103 durata procesului. Mai mult, detaliile personale ale peti\u021bionarului \u0219i con\u021binutul peti\u021biei nu sunt dezv\u0103luite \u00een timpul verific\u0103rilor efectuate la angajatori sau \u00een alte circumstan\u021be.<\/p>\n<p>De la \u00eenceputul anului 2024, Inspectoratul de Stat al Muncii a efectuat controale la 2 299 de companii \u0219i, \u00een consecin\u021b\u0103, la 741 de entit\u0103\u021bi au fost depistate persoane care lucrau f\u0103r\u0103 un contract de munc\u0103 legal.<\/p>\n<\/div>\n","protected":false},"excerpt":{"rendered":"<div><img loading=\"lazy\" decoding=\"async\" width=\"696\" height=\"464\" src=\"https:\/\/canal5.md\/wp-content\/uploads\/2025\/03\/1113000__67dc17674e048-1-optimized.jpeg\" class=\"attachment-large size-large wp-post-image\" alt=\"\" srcset=\"https:\/\/canal5.md\/wp-content\/uploads\/2025\/03\/1113000__67dc17674e048-1-optimized.jpeg 750w, https:\/\/canal5.md\/wp-content\/uploads\/2025\/03\/1113000__67dc17674e048-1-300x200-optimized.jpeg 300w, https:\/\/canal5.md\/wp-content\/uploads\/2025\/03\/1113000__67dc17674e048-1-696x464-optimized.jpeg 696w\">Orice persoan\u0103 care lucreaz\u0103 pe teritoriul Republicii Moldova are posibilitatea s\u0103 semnaleze \u00eenc\u0103lc\u0103rile cu care se confrunt\u0103 \u00een c\u00e2mpul muncii, prin intermediul platformei\u00a0lucrezlegal.md, lansat\u0103 joi la Chi\u0219in\u0103u. Depunea peti\u021biilor este gratuit\u0103, transmite IPN. Ministerul Muncii \u0219i Protec\u021biei Sociale precizeaz\u0103, \u00eentr-un comunicat de pres\u0103, c\u0103 unul din patru angaja\u021bi munce\u0219te ilegal, f\u0103r\u0103 contract de munc\u0103 \u0219i [\u2026]<\/div>\n","protected":false},"author":1,"featured_media":69482,"comment_status":"closed","ping_status":"closed","sticky":false,"template":"","format":"standard","meta":{"jnews-multi-image_gallery":[],"jnews_single_post":[],"jnews_primary_category":[],"jnews_social_meta":[],"jnews_override_counter":[],"footnotes":""},"categories":[30],"tags":[],"class_list":["post-69481","post","type-post","status-publish","format-standard","has-post-thumbnail","hentry","category-social_ro"],"_links":{"self":[{"href":"https:\/\/orheifm.live\/index.php\/wp-json\/wp\/v2\/posts\/69481","targetHints":{"allow":["GET"]}}],"collection":[{"href":"https:\/\/orheifm.live\/index.php\/wp-json\/wp\/v2\/posts"}],"about":[{"href":"https:\/\/orheifm.live\/index.php\/wp-json\/wp\/v2\/types\/post"}],"author":[{"embeddable":true,"href":"https:\/\/orheifm.live\/index.php\/wp-json\/wp\/v2\/users\/1"}],"replies":[{"embeddable":true,"href":"https:\/\/orheifm.live\/index.php\/wp-json\/wp\/v2\/comments?post=69481"}],"version-history":[{"count":0,"href":"https:\/\/orheifm.live\/index.php\/wp-json\/wp\/v2\/posts\/69481\/revisions"}],"wp:featuredmedia":[{"embeddable":true,"href":"https:\/\/orheifm.live\/index.php\/wp-json\/wp\/v2\/media\/69482"}],"wp:attachment":[{"href":"https:\/\/orheifm.live\/index.php\/wp-json\/wp\/v2\/media?parent=69481"}],"wp:term":[{"taxonomy":"category","embeddable":true,"href":"https:\/\/orheifm.live\/index.php\/wp-json\/wp\/v2\/categories?post=69481"},{"taxonomy":"post_tag","embeddable":true,"href":"https:\/\/orheifm.live\/index.php\/wp-json\/wp\/v2\/tags?post=69481"}],"curies":[{"name":"wp","href":"https:\/\/api.w.org\/{rel}","templated":true}]}}