{"id":69479,"date":"2025-03-20T22:41:03","date_gmt":"2025-03-20T20:41:03","guid":{"rendered":"https:\/\/orheifm.live\/index.php\/2025\/03\/20\/viktor-orban-sfideaza-din-nou-uniunea-europeana-a-refuzat-sa-semneze-documentul-prin-care-se-reafirma-sprijinul-pentru-ucraina\/"},"modified":"2025-03-20T22:41:03","modified_gmt":"2025-03-20T20:41:03","slug":"viktor-orban-sfideaza-din-nou-uniunea-europeana-a-refuzat-sa-semneze-documentul-prin-care-se-reafirma-sprijinul-pentru-ucraina","status":"publish","type":"post","link":"https:\/\/orheifm.live\/index.php\/2025\/03\/20\/viktor-orban-sfideaza-din-nou-uniunea-europeana-a-refuzat-sa-semneze-documentul-prin-care-se-reafirma-sprijinul-pentru-ucraina\/","title":{"rendered":"Viktor Orban sfideaz\u0103 din nou Uniunea European\u0103: A refuzat s\u0103 semneze documentul prin care se reafirm\u0103 sprijinul pentru Ucraina"},"content":{"rendered":"<div>\n<p><strong>Liderii statelor UE participan\u0163i joi la un summit european la Bruxelles \u015fi-au reafirmat angajamentul de a sus\u0163ine \u00een continuare Ucraina \u00een r\u0103zboiul cu Rusia, cu excep\u021bia lui Viktor Orban care a refuzat s\u0103 semneze documentul.\u00a0<\/strong><\/p>\n<p>Documentul nu men\u0163ioneaz\u0103 ajutorul de 40 de miliarde de euro cerut pentru Ucraina de \u015fefa diploma\u0163iei UE, Kaja Kallas, \u00een timp ce pre\u015fedintele ucrainean Volodimir Zelenski le-a cerut liderilor europeni s\u0103 aprobe 5 miliarde de euro pentru achizi\u0163ia de obuze destinate Ucrainei, o ini\u0163iativ\u0103 avansat\u0103 de aceea\u015fi \u015fef\u0103 a diploma\u0163iei europene, relateaz\u0103 Reuters.<\/p>\n<p>\u201eUniunea European\u0103 va continua s\u0103 ofere Ucrainei un sprijin financiar regulat \u015fi predictibil\u201d, se arat\u0103 \u00een documentul cu concluziile summitului, pe care premierul conservator ungar Viktor Orban a refuzat s\u0103-l semneze. Comisiei Europene i se solicit\u0103 \u00een declara\u0163ie \u201es\u0103 ia rapid toate m\u0103surile necesare pentru avansarea finan\u0163\u0103rii prin Mecanismul pentru Ucraina\u201d \u015fi prin intermediul G7.<\/p>\n<p>Declara\u0163ia salut\u0103 progresele c\u0103tre tratative de pace impulsionate de pre\u015fedintele american Donald Trump \u015fi armisti\u0163iul par\u0163ial privind un moratoriu de 30 de zile asupra atacurilor contra infrastructurilor energetice pe care Rusia \u015fi Ucraina au promis s\u0103-l respecte, dar pentru care ambele tabere se acuz\u0103 deja reciproc de \u00eenc\u0103lcarea lui.<\/p>\n<p>Aceea\u015fi declara\u0163ie subliniaz\u0103 abordarea UE de \u201epace prin for\u0163\u0103\u201d, adic\u0103 Ucraina \u201es\u0103 fie \u00een pozi\u0163ia ce mai puternic\u0103 posibil, cu propriile sale capacit\u0103\u0163i militare \u015fi de ap\u0103rare robuste ca o component\u0103 esen\u0163ial\u0103\u201d \u00eenainte de a \u00eencheia un acord de pace cu Rusia. Totu\u015fi, textul nu men\u0163ioneaz\u0103 cele 40 de miliarde de euro ajutor financiar suplimentar pentru Ucraina cerute de \u015fefa diploma\u0163iei UE, estona Kaja Kallas.<\/p>\n<p>Propunerea acesteia a fost discutat\u0103 luni la reuniunea mini\u015ftrilor europeni de externe, unii dintre ace\u015ftia exprim\u00e2nd rezerve fa\u0163\u0103 de o asemenea ini\u0163iativ\u0103, care ar presupune dublarea ajutorului financiar oferit Ucrainei anul acesta \u00een compara\u0163ie cu cel de anul trecut \u015fi pentru care fiecare \u0163ar\u0103 membr\u0103 a UE ar trebui s\u0103 contribuie \u00een func\u0163ie de \u201eponderea economic\u0103\u201d pe care o are \u00een interiorul blocului comunitar.<\/p>\n<p>Lipsa sus\u0163inerii fa\u0163\u0103 de acest plan de ajutor a determinat-o pe Kaja Kallas s\u0103 cear\u0103 ca alternativ\u0103 achizi\u0163ia \u015fi furnizarea c\u0103tre Ucraina a dou\u0103 milioane de obuze de calibru mare, a c\u0103ror valoare o estimeaz\u0103 la circa 5 miliarde de euro.<\/p>\n<p>Referitor la acest subiect, liderii europeni semnatari ai declara\u0163iei de la finalul summitului \u00eendeamn\u0103 la \u201ecoordonarea unei sporiri a sprijinului (\u2026) pe baz\u0103 voluntar\u0103, \u00een special \u00een ceea ce prive\u015fte muni\u0163ia pentru artilerie de mare calibru \u015fi rachetele\u201d, \u015fi subliniaz\u0103 necesitatea \u201eintensific\u0103rii eforturilor de satisfacere a necesit\u0103\u0163ilor militare urgente \u015fi de ap\u0103rare ale Ucrainei\u201d.<\/p>\n<p>\u201eTot sprijinul militar \u015fi garan\u0163iile de securitate pentru Ucraina vor fi oferite cu respectarea deplin\u0103 a politicii de securitate \u015fi ap\u0103rare a anumitor state membre \u015fi \u0163in\u00e2nd cont de interesele de securitate \u015fi ap\u0103rare ale tuturor statelor membre\u201d, mai semnaleaz\u0103 declara\u0163ia.<\/p>\n<p>Textul reafirm\u0103 sprijinul UE pentru \u201eo pace integral\u0103, just\u0103 \u015fi durabil\u0103, bazat\u0103 pe principiile Cartei ONU \u015fi pe dreptul interna\u0163ional\u201d, iar pentru atingerea acestui obiectiv UE este \u201edispus\u0103 s\u0103 sporeasc\u0103 presiunea asupra Rusiei, inclusiv prin noi sanc\u0163iuni \u015fi prin consolidarea aplic\u0103rii celor existente\u201d, \u015fi consider\u0103 c\u0103 Rusia trebuie s\u0103 desp\u0103gubeasc\u0103 Ucraina pentru pagubele provocate de r\u0103zboi.<\/p>\n<p>Pre\u015fedintele ucrainean Volodimir Zelenski, care a participant la acest summit prin videoconferin\u0163\u0103, le-a cerut liderilor europeni s\u0103 aprobe pachetul de ajutor de 5 miliarde de euro cerut de Kaja Kallas pentru obuze destinate armatei ucrainene. F\u0103c\u00e2nd referire la opinia separat\u0103 a premierului ungar Viktor Orban, Zelenski a sus\u0163inut c\u0103 este \u201epur \u015fi simplu anti-european ca o persoan\u0103 s\u0103 blocheze decizii importante pentru \u00eentregul continent\u201d. \u201eEste necesar ca sprijinul vostru pentru Ucraina s\u0103 nu se diminueze, s\u0103 continue \u015fi s\u0103 creasc\u0103.<\/p>\n<p>Mai ales \u00een materie de ap\u0103rare aerian\u0103, de asisten\u0163\u0103 militar\u0103 \u015fi de rezilien\u0163\u0103 a noastr\u0103 \u00een general. Avem nevoie de fonduri pentru muni\u0163ie de artilerie, \u015fi am aprecia mult un ajutor european de cel pu\u0163in 5 miliarde de euro c\u00e2t mai cur\u00e2nd posibil\u201d, a indicat Zelenski \u00een interven\u0163ia sa la summit.<\/p>\n<p><a href=\"https:\/\/www.digi24.ro\/stiri\/externe\/viktor-orban-sfideaza-din-nou-uniunea-europeana-a-refuzat-sa-semneze-documentul-prin-care-se-reafirma-sprijinul-pentru-ucraina-3165719\">digi24.ro<\/a><\/p>\n<\/div>\n","protected":false},"excerpt":{"rendered":"<div><img loading=\"lazy\" decoding=\"async\" width=\"696\" height=\"393\" src=\"https:\/\/canal5.md\/wp-content\/uploads\/2025\/03\/nmm1ntfjmwq1ytjkzjm3m2nimjnjytuwnmu4n2i0nq.thumb_-optimized.jpg\" class=\"attachment-large size-large wp-post-image\" alt=\"\" srcset=\"https:\/\/canal5.md\/wp-content\/uploads\/2025\/03\/nmm1ntfjmwq1ytjkzjm3m2nimjnjytuwnmu4n2i0nq.thumb_-optimized.jpg 780w, https:\/\/canal5.md\/wp-content\/uploads\/2025\/03\/nmm1ntfjmwq1ytjkzjm3m2nimjnjytuwnmu4n2i0nq.thumb_-300x169-optimized.jpg 300w, https:\/\/canal5.md\/wp-content\/uploads\/2025\/03\/nmm1ntfjmwq1ytjkzjm3m2nimjnjytuwnmu4n2i0nq.thumb_-768x433-optimized.jpg 768w, https:\/\/canal5.md\/wp-content\/uploads\/2025\/03\/nmm1ntfjmwq1ytjkzjm3m2nimjnjytuwnmu4n2i0nq.thumb_-696x393-optimized.jpg 696w\">Liderii statelor UE participan\u0163i joi la un summit european la Bruxelles \u015fi-au reafirmat angajamentul de a sus\u0163ine \u00een continuare Ucraina \u00een r\u0103zboiul cu Rusia, cu excep\u021bia lui Viktor Orban care a refuzat s\u0103 semneze documentul.\u00a0 Documentul nu men\u0163ioneaz\u0103 ajutorul de 40 de miliarde de euro cerut pentru Ucraina de \u015fefa diploma\u0163iei UE, Kaja Kallas, \u00een [\u2026]<\/div>\n","protected":false},"author":1,"featured_media":69480,"comment_status":"closed","ping_status":"closed","sticky":false,"template":"","format":"standard","meta":{"jnews-multi-image_gallery":[],"jnews_single_post":[],"jnews_primary_category":[],"jnews_social_meta":[],"jnews_override_counter":[],"footnotes":""},"categories":[29],"tags":[],"class_list":["post-69479","post","type-post","status-publish","format-standard","has-post-thumbnail","hentry","category-externe_ro"],"_links":{"self":[{"href":"https:\/\/orheifm.live\/index.php\/wp-json\/wp\/v2\/posts\/69479","targetHints":{"allow":["GET"]}}],"collection":[{"href":"https:\/\/orheifm.live\/index.php\/wp-json\/wp\/v2\/posts"}],"about":[{"href":"https:\/\/orheifm.live\/index.php\/wp-json\/wp\/v2\/types\/post"}],"author":[{"embeddable":true,"href":"https:\/\/orheifm.live\/index.php\/wp-json\/wp\/v2\/users\/1"}],"replies":[{"embeddable":true,"href":"https:\/\/orheifm.live\/index.php\/wp-json\/wp\/v2\/comments?post=69479"}],"version-history":[{"count":0,"href":"https:\/\/orheifm.live\/index.php\/wp-json\/wp\/v2\/posts\/69479\/revisions"}],"wp:featuredmedia":[{"embeddable":true,"href":"https:\/\/orheifm.live\/index.php\/wp-json\/wp\/v2\/media\/69480"}],"wp:attachment":[{"href":"https:\/\/orheifm.live\/index.php\/wp-json\/wp\/v2\/media?parent=69479"}],"wp:term":[{"taxonomy":"category","embeddable":true,"href":"https:\/\/orheifm.live\/index.php\/wp-json\/wp\/v2\/categories?post=69479"},{"taxonomy":"post_tag","embeddable":true,"href":"https:\/\/orheifm.live\/index.php\/wp-json\/wp\/v2\/tags?post=69479"}],"curies":[{"name":"wp","href":"https:\/\/api.w.org\/{rel}","templated":true}]}}