{"id":69477,"date":"2025-03-20T22:34:45","date_gmt":"2025-03-20T20:34:45","guid":{"rendered":"https:\/\/orheifm.live\/index.php\/2025\/03\/20\/moldova-are-o-rata-de-impadurire-alarmant-de-scazuta-doar-11-ministru\/"},"modified":"2025-03-20T22:34:45","modified_gmt":"2025-03-20T20:34:45","slug":"moldova-are-o-rata-de-impadurire-alarmant-de-scazuta-doar-11-ministru","status":"publish","type":"post","link":"https:\/\/orheifm.live\/index.php\/2025\/03\/20\/moldova-are-o-rata-de-impadurire-alarmant-de-scazuta-doar-11-ministru\/","title":{"rendered":"Moldova are o rat\u0103 de \u00eemp\u0103durire alarmant de sc\u0103zut\u0103: doar 11%, ministru"},"content":{"rendered":"<div>\n<p><strong>Ministrul mediului, Sergiu Lazarencu, sus\u021bine c\u0103 Republica Moldova are o rat\u0103 de \u00eemp\u0103durire alarmant de sc\u0103zut\u0103: doar 11%, fa\u021b\u0103 \u0111e media european\u0103 de peste 35%. Faptul c\u0103 Moldova este ast\u0103zi la coada clasamentului din Europa la capitolul suprafe\u021belor \u00eemp\u0103durite, arat\u0103 c\u0103 domeniul silvic, ani la r\u00e2nd, a fost neglijat, a remarcat ministrul, joi, \u00een cadrul unor audieri parlamentare, transmite<a href=\"https:\/\/www.ipn.md\/ro\/moldova-are-o-rata-de-impadurire-alarmant-de-scazuta-7967_1113004.html\"> IPN.<\/a><\/strong><\/p>\n<p>\u201eProgramul na\u021bional de extindere \u0219i reabilitare a p\u0103durilor este un proiect strategic, ini\u021biat de doamna pre\u0219edint\u0103, Maia Sandu, av\u00e2nd ca obiectiv principal cre\u0219terea suprafe\u021bei \u00eemp\u0103durite din \u021bara noastr\u0103\u201d, a men\u021bionat ministrul \u00een plen.<\/p>\n<p>Potrivit lui Sergiu Lazarencu, \u00een cadrul programului, \u00een urm\u0103torii 10 ani, vor fi \u00eemp\u0103durite 145 de mii de hectare.<\/p>\n<p>\u201eAsta ne va ajuta s\u0103 protej\u0103m mai bine solurile, s\u0103 avem mai multe precipita\u021bii, dar \u0219i s\u0103 fim rezilien\u021bi la schimb\u0103rile climatice. \u0218i, nu \u00een ultimul r\u00e2nd, s\u0103 avem cet\u0103\u021beni mai s\u0103n\u0103to\u0219i\u201d, a ad\u0103ugat ministrul.<\/p>\n<p>Potrivit lui, cele mai \u00eemp\u0103durite raioane din \u021bar\u0103 sunt Str\u0103\u0219eni, C\u0103l\u0103ra\u0219i, H\u00e2nce\u0219ti, Nisporeni \u0219i Ungheni. Acestea au o rat\u0103 de \u00eemp\u0103durire cuprins\u0103 \u00eentre 20 \u0219i 35%. La polul opus, cu o rat\u0103 mai mic\u0103 de 7%, sunt raioanele Drochia, Flore\u0219ti, Taraclia, S\u00e2ngerei, Basarabeasca, R\u00e2\u0219cani, \u0218tefan Vod\u0103 \u0219i UTA G\u0103g\u0103uzia.<\/p>\n<\/div>\n","protected":false},"excerpt":{"rendered":"<div><img loading=\"lazy\" decoding=\"async\" width=\"696\" height=\"464\" src=\"https:\/\/canal5.md\/wp-content\/uploads\/2025\/03\/1113004__67dc25de34e10-optimized.jpeg\" class=\"attachment-large size-large wp-post-image\" alt=\"\" srcset=\"https:\/\/canal5.md\/wp-content\/uploads\/2025\/03\/1113004__67dc25de34e10-optimized.jpeg 750w, https:\/\/canal5.md\/wp-content\/uploads\/2025\/03\/1113004__67dc25de34e10-300x200-optimized.jpeg 300w, https:\/\/canal5.md\/wp-content\/uploads\/2025\/03\/1113004__67dc25de34e10-696x464-optimized.jpeg 696w\">Ministrul mediului, Sergiu Lazarencu, sus\u021bine c\u0103 Republica Moldova are o rat\u0103 de \u00eemp\u0103durire alarmant de sc\u0103zut\u0103: doar 11%, fa\u021b\u0103 \u0111e media european\u0103 de peste 35%. Faptul c\u0103 Moldova este ast\u0103zi la coada clasamentului din Europa la capitolul suprafe\u021belor \u00eemp\u0103durite, arat\u0103 c\u0103 domeniul silvic, ani la r\u00e2nd, a fost neglijat, a remarcat ministrul, joi, \u00een cadrul [\u2026]<\/div>\n","protected":false},"author":1,"featured_media":69478,"comment_status":"closed","ping_status":"closed","sticky":false,"template":"","format":"standard","meta":{"jnews-multi-image_gallery":[],"jnews_single_post":[],"jnews_primary_category":[],"jnews_social_meta":[],"jnews_override_counter":[],"footnotes":""},"categories":[30],"tags":[],"class_list":["post-69477","post","type-post","status-publish","format-standard","has-post-thumbnail","hentry","category-social_ro"],"_links":{"self":[{"href":"https:\/\/orheifm.live\/index.php\/wp-json\/wp\/v2\/posts\/69477","targetHints":{"allow":["GET"]}}],"collection":[{"href":"https:\/\/orheifm.live\/index.php\/wp-json\/wp\/v2\/posts"}],"about":[{"href":"https:\/\/orheifm.live\/index.php\/wp-json\/wp\/v2\/types\/post"}],"author":[{"embeddable":true,"href":"https:\/\/orheifm.live\/index.php\/wp-json\/wp\/v2\/users\/1"}],"replies":[{"embeddable":true,"href":"https:\/\/orheifm.live\/index.php\/wp-json\/wp\/v2\/comments?post=69477"}],"version-history":[{"count":0,"href":"https:\/\/orheifm.live\/index.php\/wp-json\/wp\/v2\/posts\/69477\/revisions"}],"wp:featuredmedia":[{"embeddable":true,"href":"https:\/\/orheifm.live\/index.php\/wp-json\/wp\/v2\/media\/69478"}],"wp:attachment":[{"href":"https:\/\/orheifm.live\/index.php\/wp-json\/wp\/v2\/media?parent=69477"}],"wp:term":[{"taxonomy":"category","embeddable":true,"href":"https:\/\/orheifm.live\/index.php\/wp-json\/wp\/v2\/categories?post=69477"},{"taxonomy":"post_tag","embeddable":true,"href":"https:\/\/orheifm.live\/index.php\/wp-json\/wp\/v2\/tags?post=69477"}],"curies":[{"name":"wp","href":"https:\/\/api.w.org\/{rel}","templated":true}]}}