{"id":69475,"date":"2025-03-20T22:27:44","date_gmt":"2025-03-20T20:27:44","guid":{"rendered":"https:\/\/orheifm.live\/index.php\/2025\/03\/20\/prezentat-ca-ucigas-de-copii-un-norvegian-a-depus-plangere-impotriva-chatgpt\/"},"modified":"2025-03-20T22:27:44","modified_gmt":"2025-03-20T20:27:44","slug":"prezentat-ca-ucigas-de-copii-un-norvegian-a-depus-plangere-impotriva-chatgpt","status":"publish","type":"post","link":"https:\/\/orheifm.live\/index.php\/2025\/03\/20\/prezentat-ca-ucigas-de-copii-un-norvegian-a-depus-plangere-impotriva-chatgpt\/","title":{"rendered":"Prezentat ca uciga\u0219 de copii, un norvegian a depus pl\u00e2ngere \u00eempotriva ChatGPT"},"content":{"rendered":"<div>\n<p><strong>Un norvegian, revoltat c\u0103 robotul conversa\u021bional ChatGPT l-a prezentat \u00een mod eronat drept un criminal care \u0219i-a ucis doi dintre copii, a depus o pl\u00e2ngere \u00een \u021bara sa \u00eempotriva creatorului chatbot-ului, a anun\u021bat joi o asocia\u021bie care militeaz\u0103 pentru protec\u021bia vie\u021bii private, informeaz\u0103 AFP.<\/strong><\/p>\n<p>\u201dChatGPT ofer\u0103 \u00een mod regulat informa\u021bii false (\u2026) care pot afecta grav reputa\u021bia unei persoane, acuz\u00e2nd pe nedrept oameni de corup\u021bie, abuz asupra copiilor sau chiar crim\u0103\u201d, a declarat \u00eentr-un comunicat ONG-ul Noyb, cu sediul la Viena.<\/p>\n<p>Dup\u0103 ce a depus deja o prim\u0103 pl\u00e2ngere \u00een Austria \u00een aprilie 2024, asocia\u021bia se adreseaz\u0103 acum autorit\u0103\u021bii norvegiene pentru protec\u021bia datelor (Datatilsynet) pentru a denun\u021ba cazul acestui utilizator, Arve Hjalmar Holmen, care a ob\u021binut un rezultat surprinz\u0103tor dup\u0103 ce a solicitat ChatGPT s\u0103-i fac\u0103 un portret.<\/p>\n<p>\u201dUnii oameni cred c\u0103 nu iese fum f\u0103r\u0103 foc. Asta m\u0103 sperie cel mai mult, faptul c\u0103 cineva ar putea crede aceste afirma\u021bii\u201d, a declarat Holmen, citat \u00een comunicat.<\/p>\n<p>De la acest incident, compania american\u0103 OpenAI, care a creat aceast\u0103 interfa\u021b\u0103 de inteligen\u021b\u0103 artificial\u0103 generativ\u0103, \u0219i-a actualizat modelul, iar ChatGPT nu \u00eel mai prezint\u0103 pe Arve Hjalmar Holmen drept un criminal.<\/p>\n<p>Totu\u0219i, astfel de date false pot r\u0103m\u00e2ne \u00een sistemele interne, sus\u021bine Noyb (acronim pentru \u201dNone of your business\u201d \u2013 \u201dNu este treaba ta\u201d, \u00een englez\u0103).<\/p>\n<p>\u201dPermi\u021b\u00e2nd cu bun\u0103 \u0219tiin\u021b\u0103 modelului s\u0103u de inteligen\u021b\u0103 artificial\u0103 s\u0103 genereze rezultate def\u0103im\u0103toare, OpenAI \u00eencalc\u0103 principiul acurate\u021bei\u201d prev\u0103zut \u00een Regulamentul General European privind Protec\u021bia Datelor (GDPR), sus\u021bine ONG-ul, care solicit\u0103 \u201d\u0219tergerea\u201d elementelor incriminate, \u00eembun\u0103t\u0103\u021birea tehnologiei \u0219i aplicarea \u201dunei amenzi administrative\u201d.<\/p>\n<p>Contactat\u0103 de AFP, start-up-ul nu a reac\u021bionat deocamdat\u0103. \u00cen cazuri similare din trecut, acesta s-a ap\u0103rat invoc\u00e2nd o clauz\u0103 de exonerare a r\u0103spunderii.<\/p>\n<p>Pentru Joakim Soderberg, avocat la Noyb, aceasta \u201dnu este \u00een mod evident suficient\u0103\u201d: \u201dNu po\u021bi r\u0103sp\u00e2ndi informa\u021bii false \u0219i apoi, la final, s\u0103 adaugi un mic avertisment spun\u00e2nd c\u0103 poate nu tot ce ai spus este adev\u0103rat\u201d.<\/p>\n<p>Lansat \u00een noiembrie 2022 de OpenAI, ChatGPT a fost luat cu asalt de utilizatori, impresiona\u021bi de capacitatea sa de a oferi r\u0103spunsuri detaliate \u0219i argumentate la \u00eentreb\u0103ri, precum \u0219i de a genera con\u021binut scris, audio sau vizual la cerere, \u00een limbajul cotidian.<\/p>\n<\/div>\n","protected":false},"excerpt":{"rendered":"<div><img loading=\"lazy\" decoding=\"async\" width=\"480\" height=\"270\" src=\"https:\/\/canal5.md\/wp-content\/uploads\/2025\/03\/i-11-optimized.webp\" class=\"attachment-large size-large wp-post-image\" alt=\"\" srcset=\"https:\/\/canal5.md\/wp-content\/uploads\/2025\/03\/i-11-optimized.webp 480w, https:\/\/canal5.md\/wp-content\/uploads\/2025\/03\/i-11-300x169-optimized.webp 300w\">Un norvegian, revoltat c\u0103 robotul conversa\u021bional ChatGPT l-a prezentat \u00een mod eronat drept un criminal care \u0219i-a ucis doi dintre copii, a depus o pl\u00e2ngere \u00een \u021bara sa \u00eempotriva creatorului chatbot-ului, a anun\u021bat joi o asocia\u021bie care militeaz\u0103 pentru protec\u021bia vie\u021bii private, informeaz\u0103 AFP. \u201dChatGPT ofer\u0103 \u00een mod regulat informa\u021bii false (\u2026) care pot afecta [\u2026]<\/div>\n","protected":false},"author":1,"featured_media":69476,"comment_status":"closed","ping_status":"closed","sticky":false,"template":"","format":"standard","meta":{"jnews-multi-image_gallery":[],"jnews_single_post":[],"jnews_primary_category":[],"jnews_social_meta":[],"jnews_override_counter":[],"footnotes":""},"categories":[29],"tags":[],"class_list":["post-69475","post","type-post","status-publish","format-standard","has-post-thumbnail","hentry","category-externe_ro"],"_links":{"self":[{"href":"https:\/\/orheifm.live\/index.php\/wp-json\/wp\/v2\/posts\/69475","targetHints":{"allow":["GET"]}}],"collection":[{"href":"https:\/\/orheifm.live\/index.php\/wp-json\/wp\/v2\/posts"}],"about":[{"href":"https:\/\/orheifm.live\/index.php\/wp-json\/wp\/v2\/types\/post"}],"author":[{"embeddable":true,"href":"https:\/\/orheifm.live\/index.php\/wp-json\/wp\/v2\/users\/1"}],"replies":[{"embeddable":true,"href":"https:\/\/orheifm.live\/index.php\/wp-json\/wp\/v2\/comments?post=69475"}],"version-history":[{"count":0,"href":"https:\/\/orheifm.live\/index.php\/wp-json\/wp\/v2\/posts\/69475\/revisions"}],"wp:featuredmedia":[{"embeddable":true,"href":"https:\/\/orheifm.live\/index.php\/wp-json\/wp\/v2\/media\/69476"}],"wp:attachment":[{"href":"https:\/\/orheifm.live\/index.php\/wp-json\/wp\/v2\/media?parent=69475"}],"wp:term":[{"taxonomy":"category","embeddable":true,"href":"https:\/\/orheifm.live\/index.php\/wp-json\/wp\/v2\/categories?post=69475"},{"taxonomy":"post_tag","embeddable":true,"href":"https:\/\/orheifm.live\/index.php\/wp-json\/wp\/v2\/tags?post=69475"}],"curies":[{"name":"wp","href":"https:\/\/api.w.org\/{rel}","templated":true}]}}