{"id":69473,"date":"2025-03-20T22:31:33","date_gmt":"2025-03-20T20:31:33","guid":{"rendered":"https:\/\/orheifm.live\/index.php\/2025\/03\/20\/minora-care-a-cazut-de-la-etaj-la-imc-a-fost-operata-cum-se-simte-copila-dupa-interventie\/"},"modified":"2025-03-20T22:31:33","modified_gmt":"2025-03-20T20:31:33","slug":"minora-care-a-cazut-de-la-etaj-la-imc-a-fost-operata-cum-se-simte-copila-dupa-interventie","status":"publish","type":"post","link":"https:\/\/orheifm.live\/index.php\/2025\/03\/20\/minora-care-a-cazut-de-la-etaj-la-imc-a-fost-operata-cum-se-simte-copila-dupa-interventie\/","title":{"rendered":"Minora, care a c\u0103zut de la etaj, la IMC, a fost operat\u0103: Cum se simte copila dup\u0103 interven\u021bie"},"content":{"rendered":"<div>\n<p><strong>Minora de 16 de ani, care a c\u0103zut de la etaj, la Institutul Mamei \u0219i Copilului din Chi\u0219in\u0103u, a fost operat\u0103 recent. \u201eInterven\u021bia a decurs bine\u201d, a declarat pentru UNIMEDIA, purt\u0103toarea de cuv\u00e2nt a Institutul de neurologie \u0219i neurochirurgie, Dorina Bl\u00eendescu.<\/strong><\/p>\n<p>\u201eStarea este stabil\u0103. Interven\u021bia a decurs bine. Se transfer\u0103 \u00eenapoi la IMC\u201d, a declarat pentru UNIMEDIA, purt\u0103toarea de cuv\u00e2nt a Institutul de neurologie \u0219i neurochirurgie, Dorina Bl\u00eendescu.<\/p>\n<p>Pe data de 17 martie,\u00a0o adolescent\u0103 de 16 ani ar fi\u00a0c\u0103zut de la etajul cinci, din fereastra sec\u021biei neurologie, la Institutul Mamei \u0219i Copilului din Chi\u0219in\u0103u, scrie bloggerul Eugen Luchianiuc. Solicitat de UNIMEDIA, purt\u0103torul de cuv\u00e2nt al IMC, Maxim Cazacu, a declarat c\u0103 \u201epacienta a fost g\u0103sit\u0103 \u00een afara institu\u021biei cu diferite leziuni \u0219i traumatisme.\u201d<\/p>\n<p>Poli\u021bia nu a fost sesizat\u0103 despre cazul adolescentei care ar fi c\u0103zut de la etajul cinci, din fereastra sec\u021biei neurologie, la Institutul Mamei \u0219i Copilului din Chi\u0219in\u0103u. Informa\u021biile au fost confirmate pentru UNIMEDIA, de ofi\u021bera de pres\u0103 a Direc\u021biei de Poli\u021bie a municipiului Chi\u0219in\u0103u, Natalia Stati.<\/p>\n<p>Minora de 16 ani care a suferit mai multe traumatisme, dup\u0103 ce ar fi c\u0103zut de la etaj la IMC r\u0103m\u00e2ne internat\u0103 \u00een spital. Potrivit purt\u0103torului de cuv\u00e2nt al Institutului Mamei \u0219i Copilului, aceasta este \u00een stare grav\u0103.<\/p>\n<p>Minora care a suferit mai multe traumatisme\u00a0, dup\u0103 ce a c\u0103zut de la etajul 5 al Institutului Mamei \u0219i Copilului a fost transferat\u0103 la Institutul de neurologie \u0219i neurochirurgie. Copila de 16 ani a fost supus\u0103 unei interven\u021bii chirurgicale.<\/p>\n<\/div>\n","protected":false},"excerpt":{"rendered":"<div><img loading=\"lazy\" decoding=\"async\" width=\"696\" height=\"392\" src=\"https:\/\/canal5.md\/wp-content\/uploads\/2023\/12\/c816a9ef96269ebe3b197ca579f84523c94f67611827a5ef9861c4cc9426614a-jpg-optimized.webp\" class=\"attachment-large size-large wp-post-image\" alt=\"\" srcset=\"https:\/\/canal5.md\/wp-content\/uploads\/2023\/12\/c816a9ef96269ebe3b197ca579f84523c94f67611827a5ef9861c4cc9426614a-jpg-optimized.webp 800w, https:\/\/canal5.md\/wp-content\/uploads\/2023\/12\/c816a9ef96269ebe3b197ca579f84523c94f67611827a5ef9861c4cc9426614a-300x169-optimized.webp 300w, https:\/\/canal5.md\/wp-content\/uploads\/2023\/12\/c816a9ef96269ebe3b197ca579f84523c94f67611827a5ef9861c4cc9426614a-768x432-optimized.webp 768w, https:\/\/canal5.md\/wp-content\/uploads\/2023\/12\/c816a9ef96269ebe3b197ca579f84523c94f67611827a5ef9861c4cc9426614a-696x392-optimized.webp 696w\">Minora de 16 de ani, care a c\u0103zut de la etaj, la Institutul Mamei \u0219i Copilului din Chi\u0219in\u0103u, a fost operat\u0103 recent. \u201eInterven\u021bia a decurs bine\u201d, a declarat pentru UNIMEDIA, purt\u0103toarea de cuv\u00e2nt a Institutul de neurologie \u0219i neurochirurgie, Dorina Bl\u00eendescu. \u201eStarea este stabil\u0103. Interven\u021bia a decurs bine. Se transfer\u0103 \u00eenapoi la IMC\u201d, a declarat [\u2026]<\/div>\n","protected":false},"author":1,"featured_media":69474,"comment_status":"closed","ping_status":"closed","sticky":false,"template":"","format":"standard","meta":{"jnews-multi-image_gallery":[],"jnews_single_post":[],"jnews_primary_category":[],"jnews_social_meta":[],"jnews_override_counter":[],"footnotes":""},"categories":[30],"tags":[],"class_list":["post-69473","post","type-post","status-publish","format-standard","has-post-thumbnail","hentry","category-social_ro"],"_links":{"self":[{"href":"https:\/\/orheifm.live\/index.php\/wp-json\/wp\/v2\/posts\/69473","targetHints":{"allow":["GET"]}}],"collection":[{"href":"https:\/\/orheifm.live\/index.php\/wp-json\/wp\/v2\/posts"}],"about":[{"href":"https:\/\/orheifm.live\/index.php\/wp-json\/wp\/v2\/types\/post"}],"author":[{"embeddable":true,"href":"https:\/\/orheifm.live\/index.php\/wp-json\/wp\/v2\/users\/1"}],"replies":[{"embeddable":true,"href":"https:\/\/orheifm.live\/index.php\/wp-json\/wp\/v2\/comments?post=69473"}],"version-history":[{"count":0,"href":"https:\/\/orheifm.live\/index.php\/wp-json\/wp\/v2\/posts\/69473\/revisions"}],"wp:featuredmedia":[{"embeddable":true,"href":"https:\/\/orheifm.live\/index.php\/wp-json\/wp\/v2\/media\/69474"}],"wp:attachment":[{"href":"https:\/\/orheifm.live\/index.php\/wp-json\/wp\/v2\/media?parent=69473"}],"wp:term":[{"taxonomy":"category","embeddable":true,"href":"https:\/\/orheifm.live\/index.php\/wp-json\/wp\/v2\/categories?post=69473"},{"taxonomy":"post_tag","embeddable":true,"href":"https:\/\/orheifm.live\/index.php\/wp-json\/wp\/v2\/tags?post=69473"}],"curies":[{"name":"wp","href":"https:\/\/api.w.org\/{rel}","templated":true}]}}