{"id":69471,"date":"2025-03-20T21:52:09","date_gmt":"2025-03-20T19:52:09","guid":{"rendered":"https:\/\/orheifm.live\/index.php\/2025\/03\/20\/un-barbat-din-cahul-si-fiul-sau-suspectati-de-exploatarea-prin-munca-fortata-a-unui-tanar-de-18-ani\/"},"modified":"2025-03-20T21:52:09","modified_gmt":"2025-03-20T19:52:09","slug":"un-barbat-din-cahul-si-fiul-sau-suspectati-de-exploatarea-prin-munca-fortata-a-unui-tanar-de-18-ani","status":"publish","type":"post","link":"https:\/\/orheifm.live\/index.php\/2025\/03\/20\/un-barbat-din-cahul-si-fiul-sau-suspectati-de-exploatarea-prin-munca-fortata-a-unui-tanar-de-18-ani\/","title":{"rendered":"Un b\u0103rbat din Cahul \u0219i fiul s\u0103u, suspecta\u021bi de exploatarea prin munc\u0103 for\u021bat\u0103 a unui t\u00e2n\u0103r de 18 ani"},"content":{"rendered":"<div>\n<p class=\"sc-1evpin9-2 fKFnqL\"><strong>Un b\u0103rbat de 43 de ani \u0219i fiul s\u0103u de 25 de ani din Cahul sunt suspecta\u021bi c\u0103 au obligat un t\u00e2n\u0103r de 18 ani la munc\u0103 for\u021bat\u0103 la o ferm\u0103 de oi, timp de c\u00e2teva luni.<\/strong><\/p>\n<div class=\"sc-4k0vj7-0 VKpuO\">Un b\u0103rbat din Cahul \u0219i fiul s\u0103u, suspecta\u021bi de exploatarea prin munc\u0103 for\u021bat\u0103 a unui t\u00e2n\u0103r de 18 ani.<\/div>\n<div id=\"articleBody-mobile-b2d0963b-94d0-45bb-8856-57a55afc6ab8\" class=\"sc-1evpin9-3 WhWjW\">\n<p>\u00a0<\/p>\n<p>Potrivit\u00a0<a href=\"https:\/\/t.me\/Politia_Republicii_Moldova\/11708\" target=\"_blank\" rel=\"nofollow noopener\">informa\u021biilor<\/a>, t\u00e2n\u0103rul a \u00eencercat s\u0103 fug\u0103, \u00eens\u0103 a fost g\u0103sit de cei doi \u00een Vulc\u0103ne\u0219ti \u0219i impus prin for\u021ba fizic\u0103 s\u0103 munceasc\u0103 din nou prin privarea de libertate.<\/p>\n<p>\u00cen continuare se \u00eentreprind m\u0103suri de investiga\u021bii pentru stabilirea tuturor circumstan\u021belor \u0219i luarea unei decizii legale pe caz.<\/p>\n<p>Conform legisla\u021biei \u00een vigoare persoana culpabil\u0103 de asemenea infrac\u021biune risc\u0103 pedeaps\u0103 cu \u00eenchisoare de la 3 la 7 ani.<\/p>\n<\/div>\n<\/div>\n","protected":false},"excerpt":{"rendered":"<div><img loading=\"lazy\" decoding=\"async\" width=\"696\" height=\"655\" src=\"https:\/\/canal5.md\/wp-content\/uploads\/2025\/03\/photo_2025-03-20_15-10-40-optimized.jpg\" class=\"attachment-large size-large wp-post-image\" alt=\"\" srcset=\"https:\/\/canal5.md\/wp-content\/uploads\/2025\/03\/photo_2025-03-20_15-10-40-optimized.jpg 797w, https:\/\/canal5.md\/wp-content\/uploads\/2025\/03\/photo_2025-03-20_15-10-40-300x282-optimized.jpg 300w, https:\/\/canal5.md\/wp-content\/uploads\/2025\/03\/photo_2025-03-20_15-10-40-768x723-optimized.jpg 768w, https:\/\/canal5.md\/wp-content\/uploads\/2025\/03\/photo_2025-03-20_15-10-40-696x655-optimized.jpg 696w\">Un b\u0103rbat de 43 de ani \u0219i fiul s\u0103u de 25 de ani din Cahul sunt suspecta\u021bi c\u0103 au obligat un t\u00e2n\u0103r de 18 ani la munc\u0103 for\u021bat\u0103 la o ferm\u0103 de oi, timp de c\u00e2teva luni. Un b\u0103rbat din Cahul \u0219i fiul s\u0103u, suspecta\u021bi de exploatarea prin munc\u0103 for\u021bat\u0103 a unui t\u00e2n\u0103r de 18 [\u2026]<\/div>\n","protected":false},"author":1,"featured_media":69472,"comment_status":"closed","ping_status":"closed","sticky":false,"template":"","format":"standard","meta":{"jnews-multi-image_gallery":[],"jnews_single_post":[],"jnews_primary_category":[],"jnews_social_meta":[],"jnews_override_counter":[],"footnotes":""},"categories":[30],"tags":[],"class_list":["post-69471","post","type-post","status-publish","format-standard","has-post-thumbnail","hentry","category-social_ro"],"_links":{"self":[{"href":"https:\/\/orheifm.live\/index.php\/wp-json\/wp\/v2\/posts\/69471","targetHints":{"allow":["GET"]}}],"collection":[{"href":"https:\/\/orheifm.live\/index.php\/wp-json\/wp\/v2\/posts"}],"about":[{"href":"https:\/\/orheifm.live\/index.php\/wp-json\/wp\/v2\/types\/post"}],"author":[{"embeddable":true,"href":"https:\/\/orheifm.live\/index.php\/wp-json\/wp\/v2\/users\/1"}],"replies":[{"embeddable":true,"href":"https:\/\/orheifm.live\/index.php\/wp-json\/wp\/v2\/comments?post=69471"}],"version-history":[{"count":0,"href":"https:\/\/orheifm.live\/index.php\/wp-json\/wp\/v2\/posts\/69471\/revisions"}],"wp:featuredmedia":[{"embeddable":true,"href":"https:\/\/orheifm.live\/index.php\/wp-json\/wp\/v2\/media\/69472"}],"wp:attachment":[{"href":"https:\/\/orheifm.live\/index.php\/wp-json\/wp\/v2\/media?parent=69471"}],"wp:term":[{"taxonomy":"category","embeddable":true,"href":"https:\/\/orheifm.live\/index.php\/wp-json\/wp\/v2\/categories?post=69471"},{"taxonomy":"post_tag","embeddable":true,"href":"https:\/\/orheifm.live\/index.php\/wp-json\/wp\/v2\/tags?post=69471"}],"curies":[{"name":"wp","href":"https:\/\/api.w.org\/{rel}","templated":true}]}}