{"id":69469,"date":"2025-03-20T21:46:36","date_gmt":"2025-03-20T19:46:36","guid":{"rendered":"https:\/\/orheifm.live\/index.php\/2025\/03\/20\/locuitorii-unei-suburbii-a-capitalei-ramin-fara-apa-vineri\/"},"modified":"2025-03-20T21:46:36","modified_gmt":"2025-03-20T19:46:36","slug":"locuitorii-unei-suburbii-a-capitalei-ramin-fara-apa-vineri","status":"publish","type":"post","link":"https:\/\/orheifm.live\/index.php\/2025\/03\/20\/locuitorii-unei-suburbii-a-capitalei-ramin-fara-apa-vineri\/","title":{"rendered":"Locuitorii unei suburbii a capitalei r\u0103m\u00een f\u0103r\u0103 ap\u0103 vineri"},"content":{"rendered":"<div>\n<p><strong>\u201eAp\u0103-Canal Chi\u0219in\u0103u\u201d anun\u021b\u0103 pentru data de 21 martie stop\u0103ri temporare ale livr\u0103rii apei potabile \u00eentr-o suburbie a capitalei, noteaz\u0103 Noi.md.<\/strong><\/p>\n<p>Astfel, f\u0103r\u0103 ap\u0103 vor r\u0103m\u00eene vineri consumatorii din satul Ghidighici de pe urm\u0103toarele str\u0103zi: -\u0218tefan cel Mare, Decebal, M. Eminescu, V. Micle, R. \u0218erban, A.Pu\u0219kin, 9 Mai, I. Creang\u0103. Vineri, \u00een intervalul 09:20 \u2013 14:00, este posibil\u0103 deconectarea energiei electrice, un proces care va avea ca rezultat furnizarea de ap\u0103 cu presiune joas\u0103, \u00een leg\u0103tur\u0103 cu executarea unor lucr\u0103ri de c\u0103tre \u201ePremier Energy Distribution\u201d.<\/p>\n<p>To\u0163i consumatorii viza\u021bi de aceast\u0103 oprire s\u00eent ruga\u021bi s\u0103-\u015fi asigure rezerva minim\u0103 de ap\u0103 pentru consum \u015fi uz casnic pe perioada \u00eentreruperii furniz\u0103rii apei.<\/p>\n<\/div>\n","protected":false},"excerpt":{"rendered":"<div><img loading=\"lazy\" decoding=\"async\" width=\"696\" height=\"391\" src=\"https:\/\/canal5.md\/wp-content\/uploads\/2025\/02\/apa30iunie-900x505-1-optimized.png\" class=\"attachment-large size-large wp-post-image\" alt=\"\" srcset=\"https:\/\/canal5.md\/wp-content\/uploads\/2025\/02\/apa30iunie-900x505-1-optimized.png 900w, https:\/\/canal5.md\/wp-content\/uploads\/2025\/02\/apa30iunie-900x505-1-300x168-optimized.png 300w, https:\/\/canal5.md\/wp-content\/uploads\/2025\/02\/apa30iunie-900x505-1-768x431-optimized.png 768w, https:\/\/canal5.md\/wp-content\/uploads\/2025\/02\/apa30iunie-900x505-1-696x391-optimized.png 696w\">\u201eAp\u0103-Canal Chi\u0219in\u0103u\u201d anun\u021b\u0103 pentru data de 21 martie stop\u0103ri temporare ale livr\u0103rii apei potabile \u00eentr-o suburbie a capitalei, noteaz\u0103 Noi.md. Astfel, f\u0103r\u0103 ap\u0103 vor r\u0103m\u00eene vineri consumatorii din satul Ghidighici de pe urm\u0103toarele str\u0103zi: -\u0218tefan cel Mare, Decebal, M. Eminescu, V. Micle, R. \u0218erban, A.Pu\u0219kin, 9 Mai, I. Creang\u0103. Vineri, \u00een intervalul 09:20 \u2013 14:00, [\u2026]<\/div>\n","protected":false},"author":1,"featured_media":69470,"comment_status":"closed","ping_status":"closed","sticky":false,"template":"","format":"standard","meta":{"jnews-multi-image_gallery":[],"jnews_single_post":[],"jnews_primary_category":[],"jnews_social_meta":[],"jnews_override_counter":[],"footnotes":""},"categories":[30],"tags":[],"class_list":["post-69469","post","type-post","status-publish","format-standard","has-post-thumbnail","hentry","category-social_ro"],"_links":{"self":[{"href":"https:\/\/orheifm.live\/index.php\/wp-json\/wp\/v2\/posts\/69469","targetHints":{"allow":["GET"]}}],"collection":[{"href":"https:\/\/orheifm.live\/index.php\/wp-json\/wp\/v2\/posts"}],"about":[{"href":"https:\/\/orheifm.live\/index.php\/wp-json\/wp\/v2\/types\/post"}],"author":[{"embeddable":true,"href":"https:\/\/orheifm.live\/index.php\/wp-json\/wp\/v2\/users\/1"}],"replies":[{"embeddable":true,"href":"https:\/\/orheifm.live\/index.php\/wp-json\/wp\/v2\/comments?post=69469"}],"version-history":[{"count":0,"href":"https:\/\/orheifm.live\/index.php\/wp-json\/wp\/v2\/posts\/69469\/revisions"}],"wp:featuredmedia":[{"embeddable":true,"href":"https:\/\/orheifm.live\/index.php\/wp-json\/wp\/v2\/media\/69470"}],"wp:attachment":[{"href":"https:\/\/orheifm.live\/index.php\/wp-json\/wp\/v2\/media?parent=69469"}],"wp:term":[{"taxonomy":"category","embeddable":true,"href":"https:\/\/orheifm.live\/index.php\/wp-json\/wp\/v2\/categories?post=69469"},{"taxonomy":"post_tag","embeddable":true,"href":"https:\/\/orheifm.live\/index.php\/wp-json\/wp\/v2\/tags?post=69469"}],"curies":[{"name":"wp","href":"https:\/\/api.w.org\/{rel}","templated":true}]}}