{"id":69467,"date":"2025-03-20T21:42:26","date_gmt":"2025-03-20T19:42:26","guid":{"rendered":"https:\/\/orheifm.live\/index.php\/2025\/03\/20\/un-barbat-din-nordul-tarii-surprins-cum-da-foc-la-vegetatie-uscata\/"},"modified":"2025-03-20T21:42:26","modified_gmt":"2025-03-20T19:42:26","slug":"un-barbat-din-nordul-tarii-surprins-cum-da-foc-la-vegetatie-uscata","status":"publish","type":"post","link":"https:\/\/orheifm.live\/index.php\/2025\/03\/20\/un-barbat-din-nordul-tarii-surprins-cum-da-foc-la-vegetatie-uscata\/","title":{"rendered":"Un b\u0103rbat din nordul \u021b\u0103rii, surprins cum d\u0103 foc la vegeta\u021bie uscat\u0103"},"content":{"rendered":"<div>\n<p><strong>Inspectorii de mediu din R\u00ee\u0219cani au desf\u0103\u0219urat razii pentru verificarea respect\u0103rii legisla\u021biei de mediu pe teritoriul raionului, noteaz\u0103 Noi.md.<\/strong><\/p>\n<p>\u00cen cadrul acestor controale, a fost surprins \u00een flagrant un cet\u0103\u021bean care a incendiat inten\u021bionat vegeta\u021bia uscat\u0103 \u00een extravilanul localit\u0103\u021bii Nihoreni.<\/p>\n<p>Persoana \u00een cauz\u0103 a fost identificat\u0103 \u0219i va fi documentat\u0103 conform prevederilor Codului Contraven\u021bional. Inspectoratul pentru Protec\u021bia Mediului reaminte\u0219te c\u0103 arderea vegeta\u021biei uscate este o \u00eenc\u0103lcare grav\u0103 a legisla\u021biei, av\u00eend consecin\u021be negative asupra mediului \u0219i s\u0103n\u0103t\u0103\u021bii publice.<\/p>\n<\/div>\n","protected":false},"excerpt":{"rendered":"<div><img loading=\"lazy\" decoding=\"async\" width=\"696\" height=\"458\" src=\"https:\/\/canal5.md\/wp-content\/uploads\/2025\/03\/804495-optimized.webp\" class=\"attachment-large size-large wp-post-image\" alt=\"\" srcset=\"https:\/\/canal5.md\/wp-content\/uploads\/2025\/03\/804495-optimized.webp 760w, https:\/\/canal5.md\/wp-content\/uploads\/2025\/03\/804495-300x197-optimized.webp 300w, https:\/\/canal5.md\/wp-content\/uploads\/2025\/03\/804495-696x458-optimized.webp 696w\">Inspectorii de mediu din R\u00ee\u0219cani au desf\u0103\u0219urat razii pentru verificarea respect\u0103rii legisla\u021biei de mediu pe teritoriul raionului, noteaz\u0103 Noi.md. \u00cen cadrul acestor controale, a fost surprins \u00een flagrant un cet\u0103\u021bean care a incendiat inten\u021bionat vegeta\u021bia uscat\u0103 \u00een extravilanul localit\u0103\u021bii Nihoreni. Persoana \u00een cauz\u0103 a fost identificat\u0103 \u0219i va fi documentat\u0103 conform prevederilor Codului Contraven\u021bional. Inspectoratul [\u2026]<\/div>\n","protected":false},"author":1,"featured_media":69468,"comment_status":"closed","ping_status":"closed","sticky":false,"template":"","format":"standard","meta":{"jnews-multi-image_gallery":[],"jnews_single_post":[],"jnews_primary_category":[],"jnews_social_meta":[],"jnews_override_counter":[],"footnotes":""},"categories":[30],"tags":[],"class_list":["post-69467","post","type-post","status-publish","format-standard","has-post-thumbnail","hentry","category-social_ro"],"_links":{"self":[{"href":"https:\/\/orheifm.live\/index.php\/wp-json\/wp\/v2\/posts\/69467","targetHints":{"allow":["GET"]}}],"collection":[{"href":"https:\/\/orheifm.live\/index.php\/wp-json\/wp\/v2\/posts"}],"about":[{"href":"https:\/\/orheifm.live\/index.php\/wp-json\/wp\/v2\/types\/post"}],"author":[{"embeddable":true,"href":"https:\/\/orheifm.live\/index.php\/wp-json\/wp\/v2\/users\/1"}],"replies":[{"embeddable":true,"href":"https:\/\/orheifm.live\/index.php\/wp-json\/wp\/v2\/comments?post=69467"}],"version-history":[{"count":0,"href":"https:\/\/orheifm.live\/index.php\/wp-json\/wp\/v2\/posts\/69467\/revisions"}],"wp:featuredmedia":[{"embeddable":true,"href":"https:\/\/orheifm.live\/index.php\/wp-json\/wp\/v2\/media\/69468"}],"wp:attachment":[{"href":"https:\/\/orheifm.live\/index.php\/wp-json\/wp\/v2\/media?parent=69467"}],"wp:term":[{"taxonomy":"category","embeddable":true,"href":"https:\/\/orheifm.live\/index.php\/wp-json\/wp\/v2\/categories?post=69467"},{"taxonomy":"post_tag","embeddable":true,"href":"https:\/\/orheifm.live\/index.php\/wp-json\/wp\/v2\/tags?post=69467"}],"curies":[{"name":"wp","href":"https:\/\/api.w.org\/{rel}","templated":true}]}}