{"id":69465,"date":"2025-03-20T21:27:30","date_gmt":"2025-03-20T19:27:30","guid":{"rendered":"https:\/\/orheifm.live\/index.php\/2025\/03\/20\/cetatenii-vor-fi-obligati-sa-plateasca-pentru-salubrizarea-din-localitate\/"},"modified":"2025-03-20T21:27:30","modified_gmt":"2025-03-20T19:27:30","slug":"cetatenii-vor-fi-obligati-sa-plateasca-pentru-salubrizarea-din-localitate","status":"publish","type":"post","link":"https:\/\/orheifm.live\/index.php\/2025\/03\/20\/cetatenii-vor-fi-obligati-sa-plateasca-pentru-salubrizarea-din-localitate\/","title":{"rendered":"Cet\u0103\u021benii vor fi obliga\u021bi s\u0103 pl\u0103teasc\u0103 pentru salubrizarea din localitate"},"content":{"rendered":"<div>\n<p>Cet\u0103\u021benii, dar \u0219i agen\u021bii economici vor fi obliga\u021bi s\u0103 \u00eencheie contracte de prestare a serviciului de salubrizare cu operatorul din regiunea \u00een care locuiesc sau \u00ee\u0219i desf\u0103\u0219oar\u0103 activitatea. Taxele \u0219i tarifele vor fi stabilite conform unei metodologii aprobate de c\u0103tre Guvern. \u00cen lipsa contractului, cet\u0103\u021benii vor fi obliga\u021bi s\u0103 achite o tax\u0103 de salubrizare. Prevederile se con\u021bin \u00eentr-un proiect de lege votat ast\u0103zi de Parlament \u00een prim\u0103 lectur\u0103, transmite IPN.<\/p>\n<p>Grigore Stratulat, secretar de stat la Ministerul Mediului, a declarat c\u0103 noile prevederi ofer\u0103 posibilitatea autorit\u0103\u021bilor publice locale s\u0103 aplice dou\u0103 op\u021biuni de finan\u021bare a serviciului de salubrizare. \u00cen primul caz este vorba despre taxa de salubrizare, care va acoperi activit\u0103\u021bi cum ar fi colectarea de\u0219eurilor, transferul, sortarea, organizarea prelucr\u0103rii, recicl\u0103rii. De asemenea, mai sunt \u0219i alte activit\u0103\u021bi, printre care m\u0103turatul, sp\u0103latul, stropirea str\u0103zilor, cur\u0103\u021barea z\u0103pezii, dezinfec\u021bia, deratizare etc.<\/p>\n<p>\u00cen localit\u0103\u021bile \u00een care autorit\u0103\u021bile vor opta pentru o alt\u0103 modalitate de finan\u021bare, se va \u00a0implementa sistemul hibrid. Se va aplica un tarif pentru gestionarea de\u0219eurilor, \u00een cazul \u00een care persoana beneficiaz\u0103 de acest serviciu prin contract sau o tax\u0103 special\u0103, atunci c\u00e2nd persoana nu are contract cu prestatorul serviciu. Ultima tax\u0103 va acoperi doar activit\u0103\u021bile ce \u021bin de m\u0103turat, sp\u0103lat, cur\u0103\u021barea z\u0103pezii, dezinfec\u021bia \u0219i deratizarea c\u0103ilor publice.<\/p>\n<p>Noile prevederi vor obliga autorit\u0103\u021bile publice locale s\u0103 organizeze colectarea separat\u0103 a de\u0219eurilor \u00een cel pu\u021bin tei frac\u021bii \u2013 reciclabile, sticle \u0219i de\u0219euri amestecate. Dac\u0103 vor dispune de suficiente resurse financiare, vor putea colecta separat chiar \u0219i \u00een cinci frac\u021bii. Totodat\u0103, autorit\u0103\u021bile vor amenaja puncte de colectare cu containere de diferite culori specific tipului de de\u0219eu.<\/p>\n<p>Biode\u0219eurile provenite din parcuri, gr\u0103dini, spa\u021bii verzi, de la popula\u021bie sau de la agen\u021bi economici urmeaz\u0103 s\u0103 fie colectate separat \u0219i transportate la sta\u021bia de compostare.<\/p>\n<p>Proiectul de lege urmeaz\u0103 s\u0103 fie votat \u0219i \u00een lectur\u0103 final\u0103, iar noile prevederi vor intra \u00een vigoare \u00een termen de \u0219ase luni de la data public\u0103rii \u00een Monitorul Oficial.<\/p>\n<p>Potrivit datelor Ministerului Mediului, \u00een prezent exist\u0103 197 de servicii de salubrizare. 54 din ele sunt \u00een mediul urban, iar 143 \u2013 \u00een mediul rural. \u00cen total, 313 localit\u0103\u021bi sunt acoperite cu serviciu public de salubrizare. \u00cen ora\u0219e rata de acoperire constituie 75%, iar \u00een sate este de doar 15%.<\/p>\n<\/div>\n","protected":false},"excerpt":{"rendered":"<div><img loading=\"lazy\" decoding=\"async\" width=\"696\" height=\"464\" src=\"https:\/\/canal5.md\/wp-content\/uploads\/2025\/03\/1112994__67dc03678afdb-1-optimized.jpg\" class=\"attachment-large size-large wp-post-image\" alt=\"\" srcset=\"https:\/\/canal5.md\/wp-content\/uploads\/2025\/03\/1112994__67dc03678afdb-1-optimized.jpg 750w, https:\/\/canal5.md\/wp-content\/uploads\/2025\/03\/1112994__67dc03678afdb-1-300x200-optimized.jpg 300w, https:\/\/canal5.md\/wp-content\/uploads\/2025\/03\/1112994__67dc03678afdb-1-696x464-optimized.jpg 696w\">Cet\u0103\u021benii, dar \u0219i agen\u021bii economici vor fi obliga\u021bi s\u0103 \u00eencheie contracte de prestare a serviciului de salubrizare cu operatorul din regiunea \u00een care locuiesc sau \u00ee\u0219i desf\u0103\u0219oar\u0103 activitatea. Taxele \u0219i tarifele vor fi stabilite conform unei metodologii aprobate de c\u0103tre Guvern. \u00cen lipsa contractului, cet\u0103\u021benii vor fi obliga\u021bi s\u0103 achite o tax\u0103 de salubrizare. Prevederile [\u2026]<\/div>\n","protected":false},"author":1,"featured_media":69466,"comment_status":"closed","ping_status":"closed","sticky":false,"template":"","format":"standard","meta":{"jnews-multi-image_gallery":[],"jnews_single_post":[],"jnews_primary_category":[],"jnews_social_meta":[],"jnews_override_counter":[],"footnotes":""},"categories":[30],"tags":[],"class_list":["post-69465","post","type-post","status-publish","format-standard","has-post-thumbnail","hentry","category-social_ro"],"_links":{"self":[{"href":"https:\/\/orheifm.live\/index.php\/wp-json\/wp\/v2\/posts\/69465","targetHints":{"allow":["GET"]}}],"collection":[{"href":"https:\/\/orheifm.live\/index.php\/wp-json\/wp\/v2\/posts"}],"about":[{"href":"https:\/\/orheifm.live\/index.php\/wp-json\/wp\/v2\/types\/post"}],"author":[{"embeddable":true,"href":"https:\/\/orheifm.live\/index.php\/wp-json\/wp\/v2\/users\/1"}],"replies":[{"embeddable":true,"href":"https:\/\/orheifm.live\/index.php\/wp-json\/wp\/v2\/comments?post=69465"}],"version-history":[{"count":0,"href":"https:\/\/orheifm.live\/index.php\/wp-json\/wp\/v2\/posts\/69465\/revisions"}],"wp:featuredmedia":[{"embeddable":true,"href":"https:\/\/orheifm.live\/index.php\/wp-json\/wp\/v2\/media\/69466"}],"wp:attachment":[{"href":"https:\/\/orheifm.live\/index.php\/wp-json\/wp\/v2\/media?parent=69465"}],"wp:term":[{"taxonomy":"category","embeddable":true,"href":"https:\/\/orheifm.live\/index.php\/wp-json\/wp\/v2\/categories?post=69465"},{"taxonomy":"post_tag","embeddable":true,"href":"https:\/\/orheifm.live\/index.php\/wp-json\/wp\/v2\/tags?post=69465"}],"curies":[{"name":"wp","href":"https:\/\/api.w.org\/{rel}","templated":true}]}}