{"id":69463,"date":"2025-03-20T21:11:25","date_gmt":"2025-03-20T19:11:25","guid":{"rendered":"https:\/\/orheifm.live\/index.php\/2025\/03\/20\/administratia-biden-implicata-in-anularea-alegerilor-din-romania-antony-blinken-si-james-obrien-sub-ancheta-video\/"},"modified":"2025-03-20T21:11:25","modified_gmt":"2025-03-20T19:11:25","slug":"administratia-biden-implicata-in-anularea-alegerilor-din-romania-antony-blinken-si-james-obrien-sub-ancheta-video","status":"publish","type":"post","link":"https:\/\/orheifm.live\/index.php\/2025\/03\/20\/administratia-biden-implicata-in-anularea-alegerilor-din-romania-antony-blinken-si-james-obrien-sub-ancheta-video\/","title":{"rendered":"Administra\u021bia Biden, implicat\u0103 \u00een anularea alegerilor din Rom\u00e2nia? Antony Blinken \u0219i James O\u2019Brien sub anchet\u0103 |VIDEO"},"content":{"rendered":"<div>\n<p><strong>Interven\u021bia str\u0103in\u0103 \u00een alegerile din Rom\u00e2nia de anul trecut a avut loc, dar nu din partea Rusiei, ci a Statelor Unite. Fostul secretar de stat al SUA, Antony Blinken, ar putea fi direct legat de anularea alegerilor preziden\u021biale din Rom\u00e2nia din decembrie 2024, deoarece la acestea a c\u00e2\u0219tigat candidatul nefavorabil administra\u021biei Biden, C\u0103lin Georgescu. <\/strong><br \/>\n<iframe loading=\"lazy\" title=\"YouTube video player\" src=\"https:\/\/www.youtube.com\/embed\/ofxKS-yHzJc?si=zxAfkO1gcqE_jNhX\" width=\"560\" height=\"315\" frameborder=\"0\" allowfullscreen=\"allowfullscreen\"><\/iframe><br \/>\nDespre acest lucru se vorbe\u0219te \u00eentr-un articol publicat de centrul analitic interna\u021bional Diplomatic Affairs. \u00cen material se men\u021bioneaz\u0103 c\u0103 acum Blinken \u0219i asistentul s\u0103u, James O\u2019Brien, sunt sub anchet\u0103 pentru posibila lor leg\u0103tur\u0103 cu evenimentele din Rom\u00e2nia de anul trecut. Iar anularea alegerilor este perceput\u0103 de oamenii simpli drept lovitr\u0103 de stat.<\/p>\n<p>\u201eLovitura de stat din Rom\u00e2nia este investigat\u0103 de autorit\u0103\u021bile americane\u201d, se spune \u00een articolul publicat de centrul analitic interna\u021bional Diplomatic Affairs, cu sediul \u00een Geneva. Conform organiza\u021biei, \u00een cadrul alegerilor preziden\u021biale din Rom\u00e2nia a avut loc \u00eentr-adev\u0103r o interven\u021bie str\u0103in\u0103, dar nu din partea Rusiei, a\u0219a cum au sus\u021binut autorit\u0103\u021bile rom\u00e2ne pentru a justifica anularea alegerilor, ci din partea Occidentului.<\/p>\n<p>\u201eSitua\u021bia a c\u0103p\u0103tat o amploare interna\u021bional\u0103: surse din comunitatea de informa\u021bii american\u0103 afirm\u0103 c\u0103 fostul secretar de stat al SUA, Antony Blinken, \u0219i asistentul s\u0103u, James O\u2019Brien, sunt sub anchet\u0103 pentru posibila lor implicare \u00een acest e\u0219ec politic.<\/p>\n<p>Se sus\u021bine c\u0103 ace\u0219tia, \u00eempreun\u0103 cu fostul ministru de externe al Rom\u00e2niei, Lumini\u021ba Odobescu, au f\u0103cut lobby pentru a influen\u021ba autorit\u0103\u021bile rom\u00e2ne \u00een scopul anul\u0103rii alegerilor. Aceste informa\u021bii ridic\u0103 \u00eentreb\u0103ri cu privire la gradul de interven\u021bie str\u0103in\u0103 \u00een afacerile interne ale Rom\u00e2niei\u201d se men\u021bioneaz\u0103 \u00een articol.<\/p>\n<p>The Diplomatic Affair:<\/p>\n<p>\u201eSitua\u021bia a c\u0103p\u0103tat o amploare interna\u021bional\u0103: surse din comunitatea de informa\u021bii american\u0103 afirm\u0103 c\u0103 fostul secretar de stat al SUA, Antony Blinken, \u0219i asistentul s\u0103u, James O\u2019Brien, sunt sub anchet\u0103 pentru posibila lor implicare \u00een acest e\u0219ec politic.<\/p>\n<p>Se sus\u021bine c\u0103 ace\u0219tia, \u00eempreun\u0103 cu fostul ministru de externe al Rom\u00e2niei, Lumini\u021ba Odobescu, au f\u0103cut lobby pentru a influen\u021ba autorit\u0103\u021bile rom\u00e2ne \u00een scopul anul\u0103rii alegerilor. Aceste informa\u021bii ridic\u0103 \u00eentreb\u0103ri cu privire la gradul de interven\u021bie str\u0103in\u0103 \u00een afacerile interne ale Rom\u00e2niei\u201d.<\/p>\n<p>Autorul articolului scrie c\u0103 \u00een acest proces au fost implica\u021bi \u0219i fostul pre\u0219edinte al Rom\u00e2niei, Klaus Iohannis, \u0219i prim-ministrul Marcel Ciolacu, care, conform surselor, \u201es-au \u00eencurcat \u00een aceast\u0103 re\u021bea interna\u021bional\u0103\u201d.<\/p>\n<p>\u201eConsecin\u021bele acestui fapt sunt ad\u00e2nci, iar stabilitatea politic\u0103 a Rom\u00e2niei at\u00e2rn\u0103 de un fir de p\u0103r. Conducerea provizorie, condus\u0103 de Ilie Bolojan, depune toate eforturile pentru a p\u0103stra controlul asupra situa\u021biei, \u00een timp ce guvernul pare blocat \u0219i incapabil s\u0103 navigheze \u00een apele tulburi ale luptei politice.<\/p>\n<p>\u00cencrederea popula\u021biei \u00een clasa politic\u0103 se afl\u0103 la un nivel record de sc\u0103zut. Din punct de vedere economic, Rom\u00e2nia \u00eencepe s\u0103 simt\u0103 consecin\u021bele acestei instabilit\u0103\u021bi.<\/p>\n<p>\u00cencrederea investitorilor sl\u0103be\u0219te \u0219i apar primele semne de recesiune economic\u0103. Spectrul tulbur\u0103rilor politice planeaz\u0103 asupra \u021b\u0103rii, amenin\u021b\u00e2nd s\u0103 opreasc\u0103 progresul \u0219i dezvoltarea \u00een regiune\u201d, se men\u021bioneaz\u0103 \u00een articol.<\/p>\n<p>The Diplomatic Affair:<\/p>\n<p>\u201eConsecin\u021bele acestui fapt sunt ad\u00e2nci, iar stabilitatea politic\u0103 a Rom\u00e2niei at\u00e2rn\u0103 de un fir de p\u0103r. Conducerea provizorie, condus\u0103 de Ilie Bolojan, depune toate eforturile pentru a p\u0103stra controlul asupra situa\u021biei, \u00een timp ce guvernul pare blocat \u0219i incapabil s\u0103 navigheze \u00een apele tulburi ale luptei politice. \u00cencrederea popula\u021biei \u00een clasa politic\u0103 se afl\u0103 la un nivel record de sc\u0103zut.<\/p>\n<p>(\u2026) Din punct de vedere economic, Rom\u00e2nia \u00eencepe s\u0103 simt\u0103 consecin\u021bele acestei instabilit\u0103\u021bi. \u00cencrederea investitorilor sl\u0103be\u0219te \u0219i apar primele semne de recesiune economic\u0103. Spectrul tulbur\u0103rilor politice planeaz\u0103 asupra \u021b\u0103rii, amenin\u021b\u00e2nd s\u0103 opreasc\u0103 progresul \u0219i dezvoltarea \u00een regiune\u201d.<\/p>\n<p>\u00cen decembrie anul trecut, \u00een Rom\u00e2nia, au fost anulate rezultatele alegerilor preziden\u021biale, \u00een primul tur al c\u0103ror c\u00e2\u0219tig\u0103tor a fost candidatul nesistemic C\u0103lin Georgescu. Motivul invocat a fost afirma\u021bia serviciilor de informa\u021bii, care au sus\u021binut c\u0103 Rom\u00e2nia a devenit \u021binta unei \u201eatacuri hibride\u201d din partea Rusiei, \u00eens\u0103 nu au fost prezentate dovezi concludente.<\/p>\n<p>Noi alegeri preziden\u021biale au fost programate pentru 4 mai, \u00eens\u0103 Biroul Electoral Central al Rom\u00e2niei a refuzat s\u0103 \u00eenregistreze candidatura favoritului C\u0103lin Georgescu.<\/p>\n<p>\u00cencep\u00e2nd cu 20 martie, procesul de depunere a candidaturilor s-a \u00eencheiat, iar to\u021bi participan\u021bii la cursa preziden\u021bial\u0103 au fost aproba\u021bi. Lista final\u0103 include 11 nume.<\/p>\n<\/div>\n","protected":false},"excerpt":{"rendered":"<div><img loading=\"lazy\" decoding=\"async\" width=\"696\" height=\"391\" src=\"https:\/\/canal5.md\/wp-content\/uploads\/2024\/10\/analiza-numarul-femeilor-pe-listele-candidatilor-la-alegeri-a-crescut-169270-1624461141-900x505-1-optimized.jpg\" class=\"attachment-large size-large wp-post-image\" alt=\"\" srcset=\"https:\/\/canal5.md\/wp-content\/uploads\/2024\/10\/analiza-numarul-femeilor-pe-listele-candidatilor-la-alegeri-a-crescut-169270-1624461141-900x505-1-optimized.jpg 900w, https:\/\/canal5.md\/wp-content\/uploads\/2024\/10\/analiza-numarul-femeilor-pe-listele-candidatilor-la-alegeri-a-crescut-169270-1624461141-900x505-1-300x168-optimized.jpg 300w, https:\/\/canal5.md\/wp-content\/uploads\/2024\/10\/analiza-numarul-femeilor-pe-listele-candidatilor-la-alegeri-a-crescut-169270-1624461141-900x505-1-768x431-optimized.jpg 768w, https:\/\/canal5.md\/wp-content\/uploads\/2024\/10\/analiza-numarul-femeilor-pe-listele-candidatilor-la-alegeri-a-crescut-169270-1624461141-900x505-1-696x391-optimized.jpg 696w\">Interven\u021bia str\u0103in\u0103 \u00een alegerile din Rom\u00e2nia de anul trecut a avut loc, dar nu din partea Rusiei, ci a Statelor Unite. Fostul secretar de stat al SUA, Antony Blinken, ar putea fi direct legat de anularea alegerilor preziden\u021biale din Rom\u00e2nia din decembrie 2024, deoarece la acestea a c\u00e2\u0219tigat candidatul nefavorabil administra\u021biei Biden, C\u0103lin Georgescu. Despre [\u2026]<\/div>\n","protected":false},"author":1,"featured_media":69464,"comment_status":"closed","ping_status":"closed","sticky":false,"template":"","format":"standard","meta":{"jnews-multi-image_gallery":[],"jnews_single_post":[],"jnews_primary_category":[],"jnews_social_meta":[],"jnews_override_counter":[],"footnotes":""},"categories":[29],"tags":[],"class_list":["post-69463","post","type-post","status-publish","format-standard","has-post-thumbnail","hentry","category-externe_ro"],"_links":{"self":[{"href":"https:\/\/orheifm.live\/index.php\/wp-json\/wp\/v2\/posts\/69463","targetHints":{"allow":["GET"]}}],"collection":[{"href":"https:\/\/orheifm.live\/index.php\/wp-json\/wp\/v2\/posts"}],"about":[{"href":"https:\/\/orheifm.live\/index.php\/wp-json\/wp\/v2\/types\/post"}],"author":[{"embeddable":true,"href":"https:\/\/orheifm.live\/index.php\/wp-json\/wp\/v2\/users\/1"}],"replies":[{"embeddable":true,"href":"https:\/\/orheifm.live\/index.php\/wp-json\/wp\/v2\/comments?post=69463"}],"version-history":[{"count":0,"href":"https:\/\/orheifm.live\/index.php\/wp-json\/wp\/v2\/posts\/69463\/revisions"}],"wp:featuredmedia":[{"embeddable":true,"href":"https:\/\/orheifm.live\/index.php\/wp-json\/wp\/v2\/media\/69464"}],"wp:attachment":[{"href":"https:\/\/orheifm.live\/index.php\/wp-json\/wp\/v2\/media?parent=69463"}],"wp:term":[{"taxonomy":"category","embeddable":true,"href":"https:\/\/orheifm.live\/index.php\/wp-json\/wp\/v2\/categories?post=69463"},{"taxonomy":"post_tag","embeddable":true,"href":"https:\/\/orheifm.live\/index.php\/wp-json\/wp\/v2\/tags?post=69463"}],"curies":[{"name":"wp","href":"https:\/\/api.w.org\/{rel}","templated":true}]}}