{"id":69443,"date":"2025-03-20T16:40:43","date_gmt":"2025-03-20T14:40:43","guid":{"rendered":"https:\/\/orheifm.live\/index.php\/2025\/03\/20\/echinoctiul-de-primavara-2025-semnificatie-si-traditii\/"},"modified":"2025-03-20T16:40:43","modified_gmt":"2025-03-20T14:40:43","slug":"echinoctiul-de-primavara-2025-semnificatie-si-traditii","status":"publish","type":"post","link":"https:\/\/orheifm.live\/index.php\/2025\/03\/20\/echinoctiul-de-primavara-2025-semnificatie-si-traditii\/","title":{"rendered":"Echinoc\u021biul de prim\u0103var\u0103 2025: semnifica\u021bie \u0219i tradi\u021bii"},"content":{"rendered":"<div>\n<p data-start=\"63\" data-end=\"401\"><strong>Echinoc\u021biul de prim\u0103var\u0103 marcheaz\u0103 momentul \u00een care ziua \u0219i noaptea sunt egale, av\u00e2nd loc \u00een jurul datei de 20-21 martie. \u00cen 2025, acesta va avea loc pe 20 martie. Fenomenul se produce c\u00e2nd Soarele traverseaz\u0103 ecuatorul ceresc de la sud la nord, anun\u021b\u00e2nd \u00eenceputul prim\u0103verii astronomice \u00een emisfera nordic\u0103 \u0219i al toamnei \u00een cea sudic\u0103.<\/strong><\/p>\n<p data-start=\"403\" data-end=\"719\">Aceast\u0103 zi simbolizeaz\u0103 rena\u0219terea naturii \u0219i debutul unor zile mai lungi p\u00e2n\u0103 la solsti\u021biul de var\u0103, pe 21 iunie. Diverse culturi marcheaz\u0103 echinoc\u021biul prin s\u0103rb\u0103tori \u0219i tradi\u021bii legate de fertilitate \u0219i re\u00eennoire. Grecii antici \u00eel dedicau zei\u021bei Persefona, iar \u00een Japonia, Hanami celebreaz\u0103 \u00eenflorirea cire\u0219ilor.<\/p>\n<p data-start=\"721\" data-end=\"1016\">Semnele populare spun c\u0103 vremea din aceast\u0103 zi poate prevesti vara: un cer senin anun\u021b\u0103 c\u0103ldur\u0103, iar ploaia aduce o recolt\u0103 bogat\u0103. Se consider\u0103 norocos s\u0103 \u00eencepi proiecte noi, dar sunt de evitat conflictele \u0219i deciziile importante. De asemenea, ordinea \u00een cas\u0103 este asociat\u0103 cu prosperitatea.<\/p>\n<p data-start=\"1018\" data-end=\"1137\" data-is-last-node=\"\" data-is-only-node=\"\">Astfel, echinoc\u021biul de prim\u0103var\u0103 nu este doar un fenomen astronomic, ci \u0219i un moment simbolic de re\u00eennoire \u0219i speran\u021b\u0103.<\/p>\n<\/div>\n","protected":false},"excerpt":{"rendered":"<div><img loading=\"lazy\" decoding=\"async\" width=\"696\" height=\"458\" src=\"https:\/\/canal5.md\/wp-content\/uploads\/2025\/03\/804441-optimized.webp\" class=\"attachment-large size-large wp-post-image\" alt=\"\" srcset=\"https:\/\/canal5.md\/wp-content\/uploads\/2025\/03\/804441-optimized.webp 760w, https:\/\/canal5.md\/wp-content\/uploads\/2025\/03\/804441-300x197-optimized.webp 300w, https:\/\/canal5.md\/wp-content\/uploads\/2025\/03\/804441-696x458-optimized.webp 696w\">Echinoc\u021biul de prim\u0103var\u0103 marcheaz\u0103 momentul \u00een care ziua \u0219i noaptea sunt egale, av\u00e2nd loc \u00een jurul datei de 20-21 martie. \u00cen 2025, acesta va avea loc pe 20 martie. Fenomenul se produce c\u00e2nd Soarele traverseaz\u0103 ecuatorul ceresc de la sud la nord, anun\u021b\u00e2nd \u00eenceputul prim\u0103verii astronomice \u00een emisfera nordic\u0103 \u0219i al toamnei \u00een cea sudic\u0103. [\u2026]<\/div>\n","protected":false},"author":1,"featured_media":69444,"comment_status":"closed","ping_status":"closed","sticky":false,"template":"","format":"standard","meta":{"jnews-multi-image_gallery":[],"jnews_single_post":[],"jnews_primary_category":[],"jnews_social_meta":[],"jnews_override_counter":[],"footnotes":""},"categories":[30],"tags":[],"class_list":["post-69443","post","type-post","status-publish","format-standard","has-post-thumbnail","hentry","category-social_ro"],"_links":{"self":[{"href":"https:\/\/orheifm.live\/index.php\/wp-json\/wp\/v2\/posts\/69443","targetHints":{"allow":["GET"]}}],"collection":[{"href":"https:\/\/orheifm.live\/index.php\/wp-json\/wp\/v2\/posts"}],"about":[{"href":"https:\/\/orheifm.live\/index.php\/wp-json\/wp\/v2\/types\/post"}],"author":[{"embeddable":true,"href":"https:\/\/orheifm.live\/index.php\/wp-json\/wp\/v2\/users\/1"}],"replies":[{"embeddable":true,"href":"https:\/\/orheifm.live\/index.php\/wp-json\/wp\/v2\/comments?post=69443"}],"version-history":[{"count":0,"href":"https:\/\/orheifm.live\/index.php\/wp-json\/wp\/v2\/posts\/69443\/revisions"}],"wp:featuredmedia":[{"embeddable":true,"href":"https:\/\/orheifm.live\/index.php\/wp-json\/wp\/v2\/media\/69444"}],"wp:attachment":[{"href":"https:\/\/orheifm.live\/index.php\/wp-json\/wp\/v2\/media?parent=69443"}],"wp:term":[{"taxonomy":"category","embeddable":true,"href":"https:\/\/orheifm.live\/index.php\/wp-json\/wp\/v2\/categories?post=69443"},{"taxonomy":"post_tag","embeddable":true,"href":"https:\/\/orheifm.live\/index.php\/wp-json\/wp\/v2\/tags?post=69443"}],"curies":[{"name":"wp","href":"https:\/\/api.w.org\/{rel}","templated":true}]}}