{"id":69439,"date":"2025-03-20T16:00:45","date_gmt":"2025-03-20T14:00:45","guid":{"rendered":"https:\/\/orheifm.live\/index.php\/2025\/03\/20\/traficanti-de-droguri-din-chisinau-condamnati-la-pana-la-13-ani-de-inchisoare\/"},"modified":"2025-03-20T16:00:45","modified_gmt":"2025-03-20T14:00:45","slug":"traficanti-de-droguri-din-chisinau-condamnati-la-pana-la-13-ani-de-inchisoare","status":"publish","type":"post","link":"https:\/\/orheifm.live\/index.php\/2025\/03\/20\/traficanti-de-droguri-din-chisinau-condamnati-la-pana-la-13-ani-de-inchisoare\/","title":{"rendered":"Trafican\u021bi de droguri din Chi\u0219in\u0103u, condamna\u021bi la p\u00e2n\u0103 la 13 ani de \u00eenchisoare"},"content":{"rendered":"<div>\n<p data-start=\"86\" data-end=\"330\"><strong>Patru membri ai unui grup infrac\u021bional specializat \u00een v\u00e2nzarea drogurilor \u00een Chi\u0219in\u0103u au fost condamna\u021bi la pedepse de 7, 9 \u0219i 13 ani de \u00eenchisoare, potrivit Procuraturii pentru Combaterea Criminalit\u0103\u021bii Organizate \u0219i Cauze Speciale (PCCOCS).<\/strong><\/p>\n<p data-start=\"332\" data-end=\"666\">Dosarul acestora a fost trimis \u00een judecat\u0103 la \u00eenceputul anului 2021, iar inculpa\u021bii, cu v\u00e2rste \u00eentre 33 \u0219i 44 de ani, au fost re\u021binu\u021bi dup\u0103 ce au v\u00e2ndut heroin\u0103 \u0219i metadon\u0103 \u00een diferite zone ale capitalei, inclusiv l\u00e2ng\u0103 magazine, sta\u021bii de alimentare \u0219i un cimitir. Sumele ob\u021binute din tranzac\u021bii variau \u00eentre 2.000 \u0219i 4.000 de lei.<\/p>\n<p data-start=\"668\" data-end=\"808\">\u00cen timpul perchezi\u021biilor, poli\u021bi\u0219tii au g\u0103sit heroin\u0103 ascuns\u0103 \u00een tavanul b\u0103ii unuia dintre condamna\u021bi, iar metadon\u0103 \u00een automobilul altuia.<\/p>\n<p data-start=\"810\" data-end=\"952\" data-is-last-node=\"\" data-is-only-node=\"\">De\u0219i au fost condamna\u021bi, inculpa\u021bii continu\u0103 s\u0103 beneficieze de prezum\u021bia nevinov\u0103\u021biei p\u00e2n\u0103 la r\u0103m\u00e2nerea definitiv\u0103 a sentin\u021bei, conform legii.<\/p>\n<\/div>\n","protected":false},"excerpt":{"rendered":"<div><img loading=\"lazy\" decoding=\"async\" width=\"696\" height=\"391\" src=\"https:\/\/canal5.md\/wp-content\/uploads\/2025\/03\/spelunca-de-droguri-900x505-1-optimized.jpg\" class=\"attachment-large size-large wp-post-image\" alt=\"\" srcset=\"https:\/\/canal5.md\/wp-content\/uploads\/2025\/03\/spelunca-de-droguri-900x505-1-optimized.jpg 900w, https:\/\/canal5.md\/wp-content\/uploads\/2025\/03\/spelunca-de-droguri-900x505-1-300x168-optimized.jpg 300w, https:\/\/canal5.md\/wp-content\/uploads\/2025\/03\/spelunca-de-droguri-900x505-1-768x431-optimized.jpg 768w, https:\/\/canal5.md\/wp-content\/uploads\/2025\/03\/spelunca-de-droguri-900x505-1-696x391-optimized.jpg 696w\">Patru membri ai unui grup infrac\u021bional specializat \u00een v\u00e2nzarea drogurilor \u00een Chi\u0219in\u0103u au fost condamna\u021bi la pedepse de 7, 9 \u0219i 13 ani de \u00eenchisoare, potrivit Procuraturii pentru Combaterea Criminalit\u0103\u021bii Organizate \u0219i Cauze Speciale (PCCOCS). Dosarul acestora a fost trimis \u00een judecat\u0103 la \u00eenceputul anului 2021, iar inculpa\u021bii, cu v\u00e2rste \u00eentre 33 \u0219i 44 de [\u2026]<\/div>\n","protected":false},"author":1,"featured_media":69440,"comment_status":"closed","ping_status":"closed","sticky":false,"template":"","format":"standard","meta":{"jnews-multi-image_gallery":[],"jnews_single_post":[],"jnews_primary_category":[],"jnews_social_meta":[],"jnews_override_counter":[],"footnotes":""},"categories":[30],"tags":[],"class_list":["post-69439","post","type-post","status-publish","format-standard","has-post-thumbnail","hentry","category-social_ro"],"_links":{"self":[{"href":"https:\/\/orheifm.live\/index.php\/wp-json\/wp\/v2\/posts\/69439","targetHints":{"allow":["GET"]}}],"collection":[{"href":"https:\/\/orheifm.live\/index.php\/wp-json\/wp\/v2\/posts"}],"about":[{"href":"https:\/\/orheifm.live\/index.php\/wp-json\/wp\/v2\/types\/post"}],"author":[{"embeddable":true,"href":"https:\/\/orheifm.live\/index.php\/wp-json\/wp\/v2\/users\/1"}],"replies":[{"embeddable":true,"href":"https:\/\/orheifm.live\/index.php\/wp-json\/wp\/v2\/comments?post=69439"}],"version-history":[{"count":0,"href":"https:\/\/orheifm.live\/index.php\/wp-json\/wp\/v2\/posts\/69439\/revisions"}],"wp:featuredmedia":[{"embeddable":true,"href":"https:\/\/orheifm.live\/index.php\/wp-json\/wp\/v2\/media\/69440"}],"wp:attachment":[{"href":"https:\/\/orheifm.live\/index.php\/wp-json\/wp\/v2\/media?parent=69439"}],"wp:term":[{"taxonomy":"category","embeddable":true,"href":"https:\/\/orheifm.live\/index.php\/wp-json\/wp\/v2\/categories?post=69439"},{"taxonomy":"post_tag","embeddable":true,"href":"https:\/\/orheifm.live\/index.php\/wp-json\/wp\/v2\/tags?post=69439"}],"curies":[{"name":"wp","href":"https:\/\/api.w.org\/{rel}","templated":true}]}}