{"id":69437,"date":"2025-03-20T15:48:23","date_gmt":"2025-03-20T13:48:23","guid":{"rendered":"https:\/\/orheifm.live\/index.php\/2025\/03\/20\/veronica-dragalin-posibila-candidata-pentru-sefia-procuraturii-anticoruptie-desi-aceasta-urmeaza-sa-fie-desfiintata\/"},"modified":"2025-03-20T15:48:23","modified_gmt":"2025-03-20T13:48:23","slug":"veronica-dragalin-posibila-candidata-pentru-sefia-procuraturii-anticoruptie-desi-aceasta-urmeaza-sa-fie-desfiintata","status":"publish","type":"post","link":"https:\/\/orheifm.live\/index.php\/2025\/03\/20\/veronica-dragalin-posibila-candidata-pentru-sefia-procuraturii-anticoruptie-desi-aceasta-urmeaza-sa-fie-desfiintata\/","title":{"rendered":"Veronica Dragalin, posibil\u0103 candidat\u0103 pentru \u0219efia Procuraturii Anticorup\u021bie, de\u0219i  aceasta urmeaz\u0103 s\u0103 fie desfiin\u021bat\u0103"},"content":{"rendered":"<div>\n<p><strong>\u201eMarea\u201d reform\u0103 este marcat\u0103 de z\u0103p\u0103ceal\u0103 \u0219i confuzie. De\u0219i Procuratura Anticorup\u021bie urmeaz\u0103 s\u0103 fie desfiin\u021bat\u0103, Consiliul Superior al Procurorilor anun\u021b\u0103 organizarea unui concurs pentru ocuparea func\u021biei de \u0219ef al acestei institu\u021bii, \u00een loc s\u0103 lase directorul interimar p\u00e2n\u0103 la finalizarea procesului legislativ legat de reform\u0103. \u00cen plus, la competi\u021bie va putea participa \u0219i Veronica Dragalin, din cauza c\u0103reia a \u0219i fost pornit toat\u0103 schimbarea, mai exact pentru a fi determinat\u0103 s\u0103 plece, a\u0219a cum spun exper\u021bii. Pre\u0219edintele CSP a explicat pentru Canal 5 c\u0103, av\u00e2nd \u00een vedere c\u0103 proiectul privind crearea procuraturii specializate prin desfiin\u021barea celor dou\u0103 procuraturi a fost votat doar \u00een prima lectur\u0103, institu\u021bia este obligat\u0103 s\u0103 organizeze acest concurs.<\/strong><br \/>\n<iframe loading=\"lazy\" title=\"YouTube video player\" src=\"https:\/\/www.youtube.com\/embed\/dmIY-mwPhlg?si=sz0TwwBMaHgUVTnk\" width=\"560\" height=\"315\" frameborder=\"0\" allowfullscreen=\"allowfullscreen\"><\/iframe><\/p>\n<p>Consiliul Superior al Procurorilor a lansat \u00een 20 martie concursul pentru selectarea candidatului la func\u021bia de procuror-\u0219ef al Procuraturii Anticorup\u021bie. Dosarele candida\u021bilor trebuie depuse p\u00e2n\u0103 pe 5 mai, ora 17:00.<\/p>\n<p>DUMITRU OBAD\u0102, pre\u0219edintele CSP<br \/>\n\u2013 Care e rostul concursului pentru \u0219efia PA dac\u0103 institu\u021bia nu va exista? \u2013 Deci, noi avem prevederi legale potrivit c\u0103rora, din ziua<\/p>\n<p>\u00een care a devenit vacant func\u021bia de procurator \u0219ef a unei procuraturi specializate, \u00een cel mult 15 zile, CSP urmeaz\u0103 s\u0103 declare concurs pentru ocuparea func\u021biei de procurator \u0219ef. Deci este o norm\u0103 onerativ\u0103 sau care oblig\u0103 CSP de a decla\u0219a acest concurs.<\/p>\n<p>Prin urmare, birocra\u021bia este sf\u00e2nt\u0103 pentru institu\u021bii sub guvernarea PAS. Faptul c\u0103 ministrul Justi\u021biei a cerut deputa\u021bilor s\u0103 nu voteze proiectul \u00een forma ini\u021bial\u0103 \u0219i c\u0103 s-a anun\u021bat un concurs pentru \u0219efia Procuraturii Anticorup\u021bie a st\u00e2rnit specula\u021bii privind o posibil\u0103 r\u0103fuial\u0103 cu Veronica Dragalin. \u00cen acest context, Dumitru Obad\u0103 a declarat c\u0103 toate deciziile luate sunt bazate pe lege \u0219i pe realit\u0103\u021bile obiective.<\/p>\n<p>DUMITRU OBAD\u0102, pre\u0219edintele CSP<\/p>\n<p>\u2013 Dar faptul ca ministrul Justi\u021biei a cerut deputa\u021bilor s\u0103 nu voteze proiectul \u00een forma ini\u021bial\u0103, faptul c\u0103 se anun\u021b\u0103 concurs la \u0219efia PA duce la g\u00e2ndul c\u0103 a fost o r\u0103fuial\u0103 cu Veronica Dragalin? \u2013 Deci, din punctul meu de vedere, pot fi calificate doar ca specula\u021bii. Noi oper\u0103m doar cu norma legal\u0103 \u0219i cu circumstan\u021bele faptice pe care le avem.<\/p>\n<p>Mai mult dec\u00e2t at\u00e2t, Dumitru Obad\u0103 a declarat c\u0103 fosta \u0219ef\u0103 a Procuraturii Anticorup\u021bie poate participa la noul concurs, dac\u0103 va \u00eendeplini toate criteriile.<\/p>\n<p>DUMITRU OBAD\u0102, pre\u0219edintele CSP<\/p>\n<p>\u2013 Dar dac\u0103 la concurs va participa Dragalin dosarul ei va fi acceptat?<\/p>\n<p>\u2013 Deci, dac\u0103 corespunde cerin\u021belor legale, sunt criterii pre stabilitate anterior, a participat, a promovat acest concurs. Eu presupun c\u0103 nu ar trebui s\u0103 existe interdic\u021bii \u00een acest sens.<\/p>\n<p>\u2013 Membrii CSP vor vota pentru noul \u0219ef al PA tot prin toalete a\u0219a cum s-a f\u0103cut atunci c\u00e2nd a c\u00e2\u0219tigat Dragalin?<\/p>\n<p>\u2013 Deci eu nu \u0219tiu unde a fost votat, eu am v\u0103zut \u0219edin\u021ba Consiliul, care a fost public\u0103, \u0219i Dvs a\u021bi urm\u0103rit aceast\u0103 \u0219edin\u021b\u0103.<\/p>\n<p>\u2013 Deci a fost o \u0219edin\u021b\u0103 public\u0103, a fost pronun\u021bat\u0103 o hot\u0103r\u00e2re public\u0103, restul sunt specula\u021bii.<\/p>\n<p>Amintim c\u0103, fosta \u0219ef\u0103 a Procuraturii Anticorup\u021bie, Veronica Dragalin, a p\u0103r\u0103sit func\u021bia sub presiuni \u0219i scandaluri. \u00cen timpul mandatului s\u0103u, Dragalin s-a confruntat cu critici privind lipsa de rezultate \u00een lupta anticorup\u021bie, inclusiv din partea oficialilor, cum ar fi pre\u0219edintele Parlamentului, Igor Grosu. Mama Veronic\u0103i Dragalin a apelat la parlamentari s\u0103 nu voteze legea care ar submina lupta anticorup\u021bie, f\u0103c\u00e2nd referire la desfiin\u021barea PA \u0219i PCCOCS \u0219i \u00eenfiin\u021barea PACCO. Dup\u0103 demisie, interimatul institu\u021biei a fost preluat de Victor Muntean.<\/p>\n<\/div>\n","protected":false},"excerpt":{"rendered":"<div><img loading=\"lazy\" decoding=\"async\" width=\"696\" height=\"455\" src=\"https:\/\/canal5.md\/wp-content\/uploads\/2024\/02\/pccocs-jpg-optimized.webp\" class=\"attachment-large size-large wp-post-image\" alt=\"\" srcset=\"https:\/\/canal5.md\/wp-content\/uploads\/2024\/02\/pccocs-jpg-optimized.webp 867w, https:\/\/canal5.md\/wp-content\/uploads\/2024\/02\/pccocs-300x196-optimized.webp 300w, https:\/\/canal5.md\/wp-content\/uploads\/2024\/02\/pccocs-768x502-optimized.webp 768w, https:\/\/canal5.md\/wp-content\/uploads\/2024\/02\/pccocs-696x455-optimized.webp 696w\">\u201eMarea\u201d reform\u0103 este marcat\u0103 de z\u0103p\u0103ceal\u0103 \u0219i confuzie. De\u0219i Procuratura Anticorup\u021bie urmeaz\u0103 s\u0103 fie desfiin\u021bat\u0103, Consiliul Superior al Procurorilor anun\u021b\u0103 organizarea unui concurs pentru ocuparea func\u021biei de \u0219ef al acestei institu\u021bii, \u00een loc s\u0103 lase directorul interimar p\u00e2n\u0103 la finalizarea procesului legislativ legat de reform\u0103. \u00cen plus, la competi\u021bie va putea participa \u0219i Veronica Dragalin, [\u2026]<\/div>\n","protected":false},"author":1,"featured_media":69438,"comment_status":"closed","ping_status":"closed","sticky":false,"template":"","format":"standard","meta":{"jnews-multi-image_gallery":[],"jnews_single_post":[],"jnews_primary_category":[],"jnews_social_meta":[],"jnews_override_counter":[],"footnotes":""},"categories":[23],"tags":[],"class_list":["post-69437","post","type-post","status-publish","format-standard","has-post-thumbnail","hentry","category-politica_ro"],"_links":{"self":[{"href":"https:\/\/orheifm.live\/index.php\/wp-json\/wp\/v2\/posts\/69437","targetHints":{"allow":["GET"]}}],"collection":[{"href":"https:\/\/orheifm.live\/index.php\/wp-json\/wp\/v2\/posts"}],"about":[{"href":"https:\/\/orheifm.live\/index.php\/wp-json\/wp\/v2\/types\/post"}],"author":[{"embeddable":true,"href":"https:\/\/orheifm.live\/index.php\/wp-json\/wp\/v2\/users\/1"}],"replies":[{"embeddable":true,"href":"https:\/\/orheifm.live\/index.php\/wp-json\/wp\/v2\/comments?post=69437"}],"version-history":[{"count":0,"href":"https:\/\/orheifm.live\/index.php\/wp-json\/wp\/v2\/posts\/69437\/revisions"}],"wp:featuredmedia":[{"embeddable":true,"href":"https:\/\/orheifm.live\/index.php\/wp-json\/wp\/v2\/media\/69438"}],"wp:attachment":[{"href":"https:\/\/orheifm.live\/index.php\/wp-json\/wp\/v2\/media?parent=69437"}],"wp:term":[{"taxonomy":"category","embeddable":true,"href":"https:\/\/orheifm.live\/index.php\/wp-json\/wp\/v2\/categories?post=69437"},{"taxonomy":"post_tag","embeddable":true,"href":"https:\/\/orheifm.live\/index.php\/wp-json\/wp\/v2\/tags?post=69437"}],"curies":[{"name":"wp","href":"https:\/\/api.w.org\/{rel}","templated":true}]}}