{"id":69435,"date":"2025-03-20T15:48:18","date_gmt":"2025-03-20T13:48:18","guid":{"rendered":"https:\/\/orheifm.live\/index.php\/2025\/03\/20\/ala-nemerenco-recunoaste-nicio-clinica-din-tara-care-practica-fertilizare-in-vitro-nu-detine-autorizatie-de-la-agentia-de-transplant\/"},"modified":"2025-03-20T15:48:18","modified_gmt":"2025-03-20T13:48:18","slug":"ala-nemerenco-recunoaste-nicio-clinica-din-tara-care-practica-fertilizare-in-vitro-nu-detine-autorizatie-de-la-agentia-de-transplant","status":"publish","type":"post","link":"https:\/\/orheifm.live\/index.php\/2025\/03\/20\/ala-nemerenco-recunoaste-nicio-clinica-din-tara-care-practica-fertilizare-in-vitro-nu-detine-autorizatie-de-la-agentia-de-transplant\/","title":{"rendered":"Ala Nemerenco recunoa\u0219te: Nicio clinic\u0103 din \u021bar\u0103 care practic\u0103 fertilizare in vitro nu de\u021bine autoriza\u021bie de la Agen\u021bia de Transplant"},"content":{"rendered":"<div>\n<p><strong>Nicio clinic\u0103 din \u021bar\u0103, privat\u0103 sau de stat, care presteaz\u0103 servicii de fertilizare in vitro, nu de\u021bine autoriza\u021bie de la Agen\u021bia de Transplant. O recunoa\u0219te ministra S\u0103n\u0103t\u0103\u021bii, Ala Nemerenco. Declara\u021biile au fost f\u0103cute dup\u0103 scandalul legat de clinica privat\u0103 Alternativa, acolo unde procurorii PCCOCS au efectuat perchezi\u021bii din cauza c\u0103 aceasta activa f\u0103r\u0103 autoriza\u021bie. <\/strong><br \/>\n<iframe loading=\"lazy\" title=\"YouTube video player\" src=\"https:\/\/www.youtube.com\/embed\/SU2xckHeUc8?si=Cdyoata3EHOcmquo\" width=\"560\" height=\"315\" frameborder=\"0\" allowfullscreen=\"allowfullscreen\"><\/iframe><\/p>\n<p>Se pare c\u0103 a fost nevoie de moartea Liubei Babu\u021bcaia \u0219i de scandalul legat de clinica Alternativa pentru ca Nemerenco s\u0103 \u00een\u021beleag\u0103 c\u0103 \u00een sectorul pe care-l gestioneaz\u0103 domne\u0219te un adev\u0103rat haos \u0219i dezastru.<\/p>\n<p>Nicio clinic\u0103 din \u021bar\u0103, privat\u0103 sau de stat, care presteaz\u0103 servicii de fertilizare in vitro, nu de\u021bine autoriza\u021bie de la Agen\u021bia de Transplant. O recunoa\u0219te ministra S\u0103n\u0103t\u0103\u021bii, Ala Nemerenco.<br \/>\nDeclara\u021biile au fost f\u0103cute dup\u0103 scandalul legat de clinica privat\u0103 Alternativa, acolo unde procurorii PCCOCS au efectuat perchezi\u021bii din cauza c\u0103 aceasta activa f\u0103r\u0103 autoriza\u021bie.<br \/>\nMinistra S\u0103n\u0103t\u0103\u021bii, Ala Nemerenco, a confirmat c\u0103 toate clinicile din Republica Moldova care presteaz\u0103 servicii de reproducere asistat\u0103 o fac \u00een conformitate cu normele vechi, iar autoriza\u021biile speciale pentru acest tip de servicii nu sunt \u00eenc\u0103 implementate.<\/p>\n<p>ALA NEMERENCO, ministra S\u0103n\u0103t\u0103\u021bii<\/p>\n<p>La momentul de fa\u021b\u0103, absolut niciun centru medical, care ofer\u0103 aceste servicii asistate de reproducere nu de\u021bin autoriza\u021bii speciale pentru acest tip de servicii. To\u021bi absolut ofer\u0103 aceste servicii \u00een baza cadrului legal, care era anterior \u0219i se bazau pe activitatea clinicii, autoriza\u021bii sanitare, dup\u0103 aceia acreditarea \u0219i includerea acestor servicii \u00een baza certificatului de acreditare.<\/p>\n<p>Nemerenco a men\u021bionat c\u0103 Agen\u021bia de Transplant abia acum urmeaz\u0103 s\u0103 elibereze autoriza\u021biile pentru institu\u021biile care ofer\u0103 servicii de reproducere asistat\u0103. Un astfel de ordin a fost supus consult\u0103rilor publice \u0219i, numai dup\u0103 semnarea de c\u0103tre minister, va deveni obligatoriu. Despre subiectul birocra\u021biei din sistem \u0219i al neeliber\u0103rii autoriza\u021biilor a vorbit anterior \u0219i Veaceslav Mo\u0219in, fondatorul clinicii Alternativa, care are acum statut de \u00eenvinuit \u0219i se declar\u0103 nevinovat.<\/p>\n<p>\u00cen declara\u021biile pentru pres\u0103, Nemerenco nu a spus \u00eens\u0103 de ce nu a f\u0103cut o evaluare a tuturor institu\u021biilor medicale, la preluarea mandatului, pentru a \u0219ti dac\u0103 activeaz\u0103 \u00een conformitate cu toate regulile \u0219i standardele, \u0219i ofer\u0103 servicii de calitate. Se pare c\u0103 a fost nevoie de o tragedie, precum moartea unui om, pentru ca ministrul S\u0103n\u0103t\u0103\u021bii s\u0103 se trezeasc\u0103 la realitate \u0219i s\u0103 vad\u0103 c\u0103 lucrurile \u00een domeniul \u00een care activeaz\u0103 stau mai prost dec\u00e2t \u00ee\u0219i putea imagina. Dar nici nu te po\u021bi a\u0219tepta la altceva atunci c\u00e2nd un demnitar, care r\u0103spunde s\u0103n\u0103tate, face politic\u0103, se ocup\u0103 de istorie, de achiziile de gaz, numai nu de atribu\u021biile sale directe.<\/p>\n<\/div>\n","protected":false},"excerpt":{"rendered":"<div><img decoding=\"async\" width=\"696\" height=\"464\" src=\"https:\/\/canal5.md\/wp-content\/uploads\/2023\/12\/ala-nemerenco-optimized.jpg\" class=\"attachment-large size-large wp-post-image\" alt=\"\" loading=\"lazy\" srcset=\"https:\/\/canal5.md\/wp-content\/uploads\/2023\/12\/ala-nemerenco-optimized.jpg 750w, https:\/\/canal5.md\/wp-content\/uploads\/2023\/12\/ala-nemerenco-300x200-optimized.jpg 300w, https:\/\/canal5.md\/wp-content\/uploads\/2023\/12\/ala-nemerenco-696x464-optimized.jpg 696w\">Nicio clinic\u0103 din \u021bar\u0103, privat\u0103 sau de stat, care presteaz\u0103 servicii de fertilizare in vitro, nu de\u021bine autoriza\u021bie de la Agen\u021bia de Transplant. O recunoa\u0219te ministra S\u0103n\u0103t\u0103\u021bii, Ala Nemerenco. Declara\u021biile au fost f\u0103cute dup\u0103 scandalul legat de clinica privat\u0103 Alternativa, acolo unde procurorii PCCOCS au efectuat perchezi\u021bii din cauza c\u0103 aceasta activa f\u0103r\u0103 autoriza\u021bie. Se [\u2026]<\/div>\n","protected":false},"author":1,"featured_media":69436,"comment_status":"closed","ping_status":"closed","sticky":false,"template":"","format":"standard","meta":{"jnews-multi-image_gallery":[],"jnews_single_post":[],"jnews_primary_category":[],"jnews_social_meta":[],"jnews_override_counter":[],"footnotes":""},"categories":[23],"tags":[],"class_list":["post-69435","post","type-post","status-publish","format-standard","has-post-thumbnail","hentry","category-politica_ro"],"_links":{"self":[{"href":"https:\/\/orheifm.live\/index.php\/wp-json\/wp\/v2\/posts\/69435","targetHints":{"allow":["GET"]}}],"collection":[{"href":"https:\/\/orheifm.live\/index.php\/wp-json\/wp\/v2\/posts"}],"about":[{"href":"https:\/\/orheifm.live\/index.php\/wp-json\/wp\/v2\/types\/post"}],"author":[{"embeddable":true,"href":"https:\/\/orheifm.live\/index.php\/wp-json\/wp\/v2\/users\/1"}],"replies":[{"embeddable":true,"href":"https:\/\/orheifm.live\/index.php\/wp-json\/wp\/v2\/comments?post=69435"}],"version-history":[{"count":0,"href":"https:\/\/orheifm.live\/index.php\/wp-json\/wp\/v2\/posts\/69435\/revisions"}],"wp:featuredmedia":[{"embeddable":true,"href":"https:\/\/orheifm.live\/index.php\/wp-json\/wp\/v2\/media\/69436"}],"wp:attachment":[{"href":"https:\/\/orheifm.live\/index.php\/wp-json\/wp\/v2\/media?parent=69435"}],"wp:term":[{"taxonomy":"category","embeddable":true,"href":"https:\/\/orheifm.live\/index.php\/wp-json\/wp\/v2\/categories?post=69435"},{"taxonomy":"post_tag","embeddable":true,"href":"https:\/\/orheifm.live\/index.php\/wp-json\/wp\/v2\/tags?post=69435"}],"curies":[{"name":"wp","href":"https:\/\/api.w.org\/{rel}","templated":true}]}}