{"id":69433,"date":"2025-03-20T15:48:14","date_gmt":"2025-03-20T13:48:14","guid":{"rendered":"https:\/\/orheifm.live\/index.php\/2025\/03\/20\/evghenia-gutul-cere-lui-igor-dodon-o-pozitie-oficiala-privind-incidentul-cu-steagul-gagauziei\/"},"modified":"2025-03-20T15:48:14","modified_gmt":"2025-03-20T13:48:14","slug":"evghenia-gutul-cere-lui-igor-dodon-o-pozitie-oficiala-privind-incidentul-cu-steagul-gagauziei","status":"publish","type":"post","link":"https:\/\/orheifm.live\/index.php\/2025\/03\/20\/evghenia-gutul-cere-lui-igor-dodon-o-pozitie-oficiala-privind-incidentul-cu-steagul-gagauziei\/","title":{"rendered":"Evghenia Gu\u021bul cere lui Igor Dodon o pozi\u021bie oficial\u0103 privind incidentul cu steagul G\u0103g\u0103uziei"},"content":{"rendered":"<div>\n<p><strong>Ba\u0219canul G\u0103g\u0103uziei, Evghenia Gu\u021bul, a adresat un apel public liderului Partidului Sociali\u0219tilor, Igor Dodon, solicit\u00e2ndu-i o pozi\u021bie oficial\u0103 cu privire la incidentul din 20 februarie, c\u00e2nd \u00een cadrul unei \u00eent\u00e2lniri a premierului Dorin Recean \u0219i primarii din raionul Vulc\u0103ne\u0219ti, steagul G\u0103g\u0103uziei a fost \u00eendep\u0103rtat din sala de \u0219edin\u021be \u0219i \u00eenlocuit cu steagul Uniunii Europene. Gu\u021bul consider\u0103 acest act o \u00eenc\u0103lcare grav\u0103 a normelor legale.<\/strong><br \/>\n<iframe loading=\"lazy\" title=\"YouTube video player\" src=\"https:\/\/www.youtube.com\/embed\/YsVRH2wTfVw?si=gAgjusVUqWqJn7Oe\" width=\"560\" height=\"315\" frameborder=\"0\" allowfullscreen=\"allowfullscreen\"><\/iframe><\/p>\n<p>Ea subliniaz\u0103 c\u0103 t\u0103cerea PSRM este interpretat\u0103 \u00een G\u0103g\u0103uzia ca un sprijin pentru decizia protocolar\u0103 a guvernului Recean \u0219i un acord tacit fa\u021b\u0103 de ac\u021biunile reprezentantului s\u0103u, primarul ora\u0219ului Vulc\u0103ne\u0219ti, Nicolae Posmac, membru al PSRM, prezent \u0219i el la \u00eent\u00e2lnire.<br \/>\n\u00centr-o scrisoare adresat\u0103 liderului PSRM, Igor Dodon, Evghenia Gu\u021bul a subliniat importan\u021ba simbolurilor oficiale ale G\u0103g\u0103uziei.<\/p>\n<p>\u201dSteagul, stema \u0219i imnul \u2013 reprezint\u0103 elemente esen\u021biale ale statalit\u0103\u021bii poporului g\u0103g\u0103uz, ale identit\u0103\u021bii acestuia \u0219i ale drepturilor consacrate \u00een Constitu\u021bie, \u00een legile Republicii Moldova \u0219i \u00een statutul Autonomiei Teritoriale Unitare G\u0103g\u0103uzia. Respectul fa\u021b\u0103 de acestea nu este doar o formalitate, ci o chestiune de principiu pentru \u00eentregul popor g\u0103g\u0103uz. Conform Regulamentului privind steagul G\u0103g\u0103uziei, \u201eDrapelul autonomiei se afi\u0219eaz\u0103 permanent pe cl\u0103dirile \u0219i \u00een incintele autorit\u0103\u021bilor publice \u0219i institu\u021biilor publice aflate pe teritoriul G\u0103g\u0103uziei, \u00een birourile conduc\u0103torilor, dar \u0219i s\u0103lile de \u0219edin\u021be\u201d. Aceast\u0103 norm\u0103 se respect\u0103 \u00een mod uniform \u0219i ferm, inclusiv de structurile autorit\u0103\u021bilor centrale care \u00ee\u0219i desf\u0103\u0219oar\u0103 activitatea \u00een autonomie\u201d, a precizat ba\u0219canul Evghenia Gu\u021bul.<\/p>\n<p>Prin urmare, guvernatorul afirm\u0103 c\u0103 la \u00eent\u00e2lnirea din 20 februarie, c\u00e2nd primarul Vulc\u0103ne\u0219tiului, membru al PSRM, Nicolae Posmac, a permis s\u0103 fie scos drapelul G\u0103g\u0103uziei, a fost \u00eenc\u0103lcat\u0103 legea \u0219i demonstrat un dispre\u021b public fa\u021b\u0103 de simbolul autonomiei. \u201d Ac\u021biunea a fost considerat\u0103 o ofens\u0103 la adresa sentimentelor patriotice ale locuitorilor din Vulc\u0103ne\u0219ti \u0219i din \u00eentreaga G\u0103g\u0103uzie\u201d, mai spune Evghenia Gu\u021bul.<\/p>\n<p>Ea a precizat c\u0103 o evaluarea politico-juridic\u0103 a ac\u021biunilor ilegale \u0219i jignitoare ale primarului Nicolae Posmac a fost f\u0103cut\u0103 deja de Comitetul Executiv \u0219i de Adunarea Popular\u0103 a G\u0103g\u0103uziei, de reprezentan\u021bi ai societ\u0103\u021bii civile \u0219i ai diferitelor for\u021be politice din \u021bar\u0103 \u0219i autonomie. Din p\u0103cate, edilul nu doar c\u0103 nu a demisionat, a\u0219a cum i-au cerut locuitorii din Vulc\u0103ne\u0219ti, dar nici m\u0103car nu a prezentat scuze publice.<br \/>\n\u00cen acest context, din motiv c\u0103 a trecut o lun\u0103, iar PSRM a\u0219a \u0219i nu a exprimat o pozi\u021bie oficial\u0103 fa\u021b\u0103 de acest incident, Evghenia Gu\u021bul \u00eei cere lui Igor Dodon, ca lider al PSRM, din care face parte \u0219i Posmac, s\u0103 vin\u0103 cu o reac\u021bie.<\/p>\n<p>\u201dT\u0103cerea PSRM este perceput\u0103 \u00een G\u0103g\u0103uzia ca un acord cu ac\u021biunile reprezentantului s\u0103u \u0219i, mai mult, ca un sprijin pentru decizia protocolar\u0103 a guvernului lui Dorin Recean, care este \u00eendreptat\u0103 \u00eempotriva G\u0103g\u0103uziei.<\/p>\n<p>A\u0219tept\u0103m ca Partidul Sociali\u0219tilor s\u0103 nu r\u0103m\u00e2n\u0103 indiferent \u0219i s\u0103 manifeste principialitate \u00een ap\u0103rarea drepturilor \u0219i demnit\u0103\u021bii poporului G\u0103g\u0103uz\u201d, a conchis ba\u0219canul.<\/p>\n<p>Contactat de Canal 5 pentru un comentariu, Igor Dodon avea telefonul deconectat. \u0218efa serviciului de pres\u0103 al PSRM, Carmena Sterpu, ne-a spus \u00eentr-un mesaj c\u0103 Igor Dodon se va referi la acest subiect vineri. Nemul\u021bumirile legate de modul \u00een care autorit\u0103\u021bile locale au tratat simbolurile autonomiei g\u0103g\u0103uze au declan\u0219at proteste \u00een regiune. Manifestan\u021bii au solicitat at\u00e2t administra\u021biei ora\u0219ului Vulc\u0103ne\u0219ti, c\u00e2t \u0219i conducerii Moldovei s\u0103 respecte simbolurile oficiale ale autonomiei. Protestatarii l-au acuzat pe primarul de Vulc\u0103ne\u0219ti, Nicolae Posmac, de dispre\u021b fa\u021b\u0103 de identitatea g\u0103g\u0103uz\u0103 \u0219i i-au cerut demisia.<\/p>\n<\/div>\n","protected":false},"excerpt":{"rendered":"<div><img decoding=\"async\" width=\"696\" height=\"530\" src=\"https:\/\/canal5.md\/wp-content\/uploads\/2025\/03\/gutul-jpg-optimized.webp\" class=\"attachment-large size-large wp-post-image\" alt=\"\" loading=\"lazy\" srcset=\"https:\/\/canal5.md\/wp-content\/uploads\/2025\/03\/gutul-jpg-optimized.webp 766w, https:\/\/canal5.md\/wp-content\/uploads\/2025\/03\/gutul-jpg-300x228-optimized.webp 300w, https:\/\/canal5.md\/wp-content\/uploads\/2025\/03\/gutul-jpg-696x530-optimized.webp 696w\">Ba\u0219canul G\u0103g\u0103uziei, Evghenia Gu\u021bul, a adresat un apel public liderului Partidului Sociali\u0219tilor, Igor Dodon, solicit\u00e2ndu-i o pozi\u021bie oficial\u0103 cu privire la incidentul din 20 februarie, c\u00e2nd \u00een cadrul unei \u00eent\u00e2lniri a premierului Dorin Recean \u0219i primarii din raionul Vulc\u0103ne\u0219ti, steagul G\u0103g\u0103uziei a fost \u00eendep\u0103rtat din sala de \u0219edin\u021be \u0219i \u00eenlocuit cu steagul Uniunii Europene. Gu\u021bul [\u2026]<\/div>\n","protected":false},"author":1,"featured_media":69434,"comment_status":"closed","ping_status":"closed","sticky":false,"template":"","format":"standard","meta":{"jnews-multi-image_gallery":[],"jnews_single_post":[],"jnews_primary_category":[],"jnews_social_meta":[],"jnews_override_counter":[],"footnotes":""},"categories":[23],"tags":[],"class_list":["post-69433","post","type-post","status-publish","format-standard","has-post-thumbnail","hentry","category-politica_ro"],"_links":{"self":[{"href":"https:\/\/orheifm.live\/index.php\/wp-json\/wp\/v2\/posts\/69433","targetHints":{"allow":["GET"]}}],"collection":[{"href":"https:\/\/orheifm.live\/index.php\/wp-json\/wp\/v2\/posts"}],"about":[{"href":"https:\/\/orheifm.live\/index.php\/wp-json\/wp\/v2\/types\/post"}],"author":[{"embeddable":true,"href":"https:\/\/orheifm.live\/index.php\/wp-json\/wp\/v2\/users\/1"}],"replies":[{"embeddable":true,"href":"https:\/\/orheifm.live\/index.php\/wp-json\/wp\/v2\/comments?post=69433"}],"version-history":[{"count":0,"href":"https:\/\/orheifm.live\/index.php\/wp-json\/wp\/v2\/posts\/69433\/revisions"}],"wp:featuredmedia":[{"embeddable":true,"href":"https:\/\/orheifm.live\/index.php\/wp-json\/wp\/v2\/media\/69434"}],"wp:attachment":[{"href":"https:\/\/orheifm.live\/index.php\/wp-json\/wp\/v2\/media?parent=69433"}],"wp:term":[{"taxonomy":"category","embeddable":true,"href":"https:\/\/orheifm.live\/index.php\/wp-json\/wp\/v2\/categories?post=69433"},{"taxonomy":"post_tag","embeddable":true,"href":"https:\/\/orheifm.live\/index.php\/wp-json\/wp\/v2\/tags?post=69433"}],"curies":[{"name":"wp","href":"https:\/\/api.w.org\/{rel}","templated":true}]}}