{"id":69431,"date":"2025-03-20T15:40:49","date_gmt":"2025-03-20T13:40:49","guid":{"rendered":"https:\/\/orheifm.live\/index.php\/2025\/03\/20\/suspect-din-chisinau-prins-dupa-mai-multe-furturi-si-perchezitii\/"},"modified":"2025-03-20T15:40:49","modified_gmt":"2025-03-20T13:40:49","slug":"suspect-din-chisinau-prins-dupa-mai-multe-furturi-si-perchezitii","status":"publish","type":"post","link":"https:\/\/orheifm.live\/index.php\/2025\/03\/20\/suspect-din-chisinau-prins-dupa-mai-multe-furturi-si-perchezitii\/","title":{"rendered":"Suspect din Chi\u0219in\u0103u, prins dup\u0103 mai multe furturi \u0219i perchezi\u021bii"},"content":{"rendered":"<div>\n<p><strong>Un b\u0103rbat de 41 de ani din Chi\u0219in\u0103u a fost re\u021binut pentru 72 de ore, fiind suspectat de comiterea mai multor furturi \u00een municipiul Chi\u0219in\u0103u.<\/strong><\/p>\n<p>Potrivit Poli\u021biei Na\u021bionale, unul dintre cazuri implic\u0103 furtul unei baterii auto de pe o strad\u0103 din sectorul Botanica, prejudiciul fiind estimat la 33.150 de lei.<\/p>\n<p>\u00cen urma investiga\u021biilor, suspectul a fost identificat \u0219i re\u021binut, iar poli\u021bi\u0219tii au stabilit implicarea acestuia \u00een alte 7 furturi comise \u00een capital\u0103. \u00cen cadrul unei perchezi\u021bii la domiciliul s\u0103u, au fost g\u0103site \u0219i ridicate bateria furat\u0103, sute de \u021big\u0103ri de contraband\u0103, bani, telefoane mobile \u0219i droguri.<\/p>\n<p>Conform legisla\u021biei, b\u0103rbatul risc\u0103 p\u00e2n\u0103 la 4 ani de \u00eenchisoare pentru aceste infrac\u021biuni.<\/p>\n<\/div>\n","protected":false},"excerpt":{"rendered":"<div><img loading=\"lazy\" decoding=\"async\" width=\"696\" height=\"391\" src=\"https:\/\/canal5.md\/wp-content\/uploads\/2025\/03\/bani-barbat-retinut-900x505-1-optimized.jpg\" class=\"attachment-large size-large wp-post-image\" alt=\"\" srcset=\"https:\/\/canal5.md\/wp-content\/uploads\/2025\/03\/bani-barbat-retinut-900x505-1-optimized.jpg 900w, https:\/\/canal5.md\/wp-content\/uploads\/2025\/03\/bani-barbat-retinut-900x505-1-300x168-optimized.jpg 300w, https:\/\/canal5.md\/wp-content\/uploads\/2025\/03\/bani-barbat-retinut-900x505-1-768x431-optimized.jpg 768w, https:\/\/canal5.md\/wp-content\/uploads\/2025\/03\/bani-barbat-retinut-900x505-1-696x391-optimized.jpg 696w\">Un b\u0103rbat de 41 de ani din Chi\u0219in\u0103u a fost re\u021binut pentru 72 de ore, fiind suspectat de comiterea mai multor furturi \u00een municipiul Chi\u0219in\u0103u. Potrivit Poli\u021biei Na\u021bionale, unul dintre cazuri implic\u0103 furtul unei baterii auto de pe o strad\u0103 din sectorul Botanica, prejudiciul fiind estimat la 33.150 de lei. \u00cen urma investiga\u021biilor, suspectul a [\u2026]<\/div>\n","protected":false},"author":1,"featured_media":69432,"comment_status":"closed","ping_status":"closed","sticky":false,"template":"","format":"standard","meta":{"jnews-multi-image_gallery":[],"jnews_single_post":[],"jnews_primary_category":[],"jnews_social_meta":[],"jnews_override_counter":[],"footnotes":""},"categories":[30],"tags":[],"class_list":["post-69431","post","type-post","status-publish","format-standard","has-post-thumbnail","hentry","category-social_ro"],"_links":{"self":[{"href":"https:\/\/orheifm.live\/index.php\/wp-json\/wp\/v2\/posts\/69431","targetHints":{"allow":["GET"]}}],"collection":[{"href":"https:\/\/orheifm.live\/index.php\/wp-json\/wp\/v2\/posts"}],"about":[{"href":"https:\/\/orheifm.live\/index.php\/wp-json\/wp\/v2\/types\/post"}],"author":[{"embeddable":true,"href":"https:\/\/orheifm.live\/index.php\/wp-json\/wp\/v2\/users\/1"}],"replies":[{"embeddable":true,"href":"https:\/\/orheifm.live\/index.php\/wp-json\/wp\/v2\/comments?post=69431"}],"version-history":[{"count":0,"href":"https:\/\/orheifm.live\/index.php\/wp-json\/wp\/v2\/posts\/69431\/revisions"}],"wp:featuredmedia":[{"embeddable":true,"href":"https:\/\/orheifm.live\/index.php\/wp-json\/wp\/v2\/media\/69432"}],"wp:attachment":[{"href":"https:\/\/orheifm.live\/index.php\/wp-json\/wp\/v2\/media?parent=69431"}],"wp:term":[{"taxonomy":"category","embeddable":true,"href":"https:\/\/orheifm.live\/index.php\/wp-json\/wp\/v2\/categories?post=69431"},{"taxonomy":"post_tag","embeddable":true,"href":"https:\/\/orheifm.live\/index.php\/wp-json\/wp\/v2\/tags?post=69431"}],"curies":[{"name":"wp","href":"https:\/\/api.w.org\/{rel}","templated":true}]}}