{"id":69425,"date":"2025-03-20T14:00:39","date_gmt":"2025-03-20T12:00:39","guid":{"rendered":"https:\/\/orheifm.live\/index.php\/2025\/03\/20\/barbat-retinut-pentru-furtul-unui-acumulator-in-chisinau\/"},"modified":"2025-03-20T14:00:39","modified_gmt":"2025-03-20T12:00:39","slug":"barbat-retinut-pentru-furtul-unui-acumulator-in-chisinau","status":"publish","type":"post","link":"https:\/\/orheifm.live\/index.php\/2025\/03\/20\/barbat-retinut-pentru-furtul-unui-acumulator-in-chisinau\/","title":{"rendered":"B\u0103rbat re\u021binut pentru furtul unui acumulator \u00een Chi\u0219in\u0103u"},"content":{"rendered":"<div>\n<p><strong>Un b\u0103rbat de 41 de ani a fost re\u021binut \u00een Chi\u0219in\u0103u, fiind suspectat de furtul unui acumulator dintr-un automobil din sectorul Botanica. <\/strong><\/p>\n<p>Potrivit victimei, acesta \u0219i-a l\u0103sat ma\u0219ina pe strad\u0103, iar la \u00eentoarcere a constatat lipsa bateriei. Paguba este estimat\u0103 la 33.150 de lei. \u00cen urma anchetei, s-a descoperit c\u0103 b\u0103rbatul ar fi implicat \u0219i \u00een alte \u0219apte furturi din ora\u0219.<\/p>\n<p>\u00cen timpul perchezi\u021biei, au fost g\u0103site un acumulator furat, \u021big\u0103ri de contraband\u0103, bani, telefoane \u0219i droguri. Conform legisla\u021biei, pentru acest tip de infrac\u021biune, acuzatul risc\u0103 o pedeaps\u0103 de p\u00e2n\u0103 la 4 ani de \u00eenchisoare.<\/p>\n<\/div>\n","protected":false},"excerpt":{"rendered":"<div><img loading=\"lazy\" decoding=\"async\" width=\"685\" height=\"802\" src=\"https:\/\/canal5.md\/wp-content\/uploads\/2025\/03\/snimok-ekrana-2025-03-20-120244-optimized.png\" class=\"attachment-large size-large wp-post-image\" alt=\"\" srcset=\"https:\/\/canal5.md\/wp-content\/uploads\/2025\/03\/snimok-ekrana-2025-03-20-120244-optimized.png 685w, https:\/\/canal5.md\/wp-content\/uploads\/2025\/03\/snimok-ekrana-2025-03-20-120244-256x300-optimized.png 256w\">Un b\u0103rbat de 41 de ani a fost re\u021binut \u00een Chi\u0219in\u0103u, fiind suspectat de furtul unui acumulator dintr-un automobil din sectorul Botanica. Potrivit victimei, acesta \u0219i-a l\u0103sat ma\u0219ina pe strad\u0103, iar la \u00eentoarcere a constatat lipsa bateriei. Paguba este estimat\u0103 la 33.150 de lei. \u00cen urma anchetei, s-a descoperit c\u0103 b\u0103rbatul ar fi implicat \u0219i [\u2026]<\/div>\n","protected":false},"author":1,"featured_media":69426,"comment_status":"closed","ping_status":"closed","sticky":false,"template":"","format":"standard","meta":{"jnews-multi-image_gallery":[],"jnews_single_post":[],"jnews_primary_category":[],"jnews_social_meta":[],"jnews_override_counter":[],"footnotes":""},"categories":[30],"tags":[],"class_list":["post-69425","post","type-post","status-publish","format-standard","has-post-thumbnail","hentry","category-social_ro"],"_links":{"self":[{"href":"https:\/\/orheifm.live\/index.php\/wp-json\/wp\/v2\/posts\/69425","targetHints":{"allow":["GET"]}}],"collection":[{"href":"https:\/\/orheifm.live\/index.php\/wp-json\/wp\/v2\/posts"}],"about":[{"href":"https:\/\/orheifm.live\/index.php\/wp-json\/wp\/v2\/types\/post"}],"author":[{"embeddable":true,"href":"https:\/\/orheifm.live\/index.php\/wp-json\/wp\/v2\/users\/1"}],"replies":[{"embeddable":true,"href":"https:\/\/orheifm.live\/index.php\/wp-json\/wp\/v2\/comments?post=69425"}],"version-history":[{"count":0,"href":"https:\/\/orheifm.live\/index.php\/wp-json\/wp\/v2\/posts\/69425\/revisions"}],"wp:featuredmedia":[{"embeddable":true,"href":"https:\/\/orheifm.live\/index.php\/wp-json\/wp\/v2\/media\/69426"}],"wp:attachment":[{"href":"https:\/\/orheifm.live\/index.php\/wp-json\/wp\/v2\/media?parent=69425"}],"wp:term":[{"taxonomy":"category","embeddable":true,"href":"https:\/\/orheifm.live\/index.php\/wp-json\/wp\/v2\/categories?post=69425"},{"taxonomy":"post_tag","embeddable":true,"href":"https:\/\/orheifm.live\/index.php\/wp-json\/wp\/v2\/tags?post=69425"}],"curies":[{"name":"wp","href":"https:\/\/api.w.org\/{rel}","templated":true}]}}