{"id":69421,"date":"2025-03-20T13:20:30","date_gmt":"2025-03-20T11:20:30","guid":{"rendered":"https:\/\/orheifm.live\/index.php\/2025\/03\/20\/victimele-violentei-in-familie-scutite-de-taxe-in-procesele-de-judecata\/"},"modified":"2025-03-20T13:20:30","modified_gmt":"2025-03-20T11:20:30","slug":"victimele-violentei-in-familie-scutite-de-taxe-in-procesele-de-judecata","status":"publish","type":"post","link":"https:\/\/orheifm.live\/index.php\/2025\/03\/20\/victimele-violentei-in-familie-scutite-de-taxe-in-procesele-de-judecata\/","title":{"rendered":"Victimele violen\u021bei \u00een familie, scutite de taxe \u00een procesele de judecat\u0103"},"content":{"rendered":"<div>\n<p><strong>Guvernul a aprobat un proiect de lege care scute\u0219te victimele violen\u021bei \u00een familie de plata taxei de stat \u0219i a taxei de timbru \u00een procesele de partajare a averii \u0219i alte litigii patrimoniale. <\/strong><\/p>\n<p>Proiectul, ini\u021biat de Ministerul Justi\u021biei, vizeaz\u0103 implementarea deciziei Cur\u021bii Constitu\u021bionale \u0219i asigurarea unui acces egal la justi\u021bie pentru to\u021bi cet\u0103\u021benii.<\/p>\n<p>De asemenea, se va introduce o tax\u0103 fix\u0103 de 250 de lei pentru procedurile de recunoa\u0219tere \u0219i executare a hot\u0103r\u00e2rilor arbitrare str\u0103ine, iar persoanele cu venituri mici vor beneficia de scutiri sau compensa\u021bii pentru taxa de timbru.<\/p>\n<\/div>\n","protected":false},"excerpt":{"rendered":"<div><img loading=\"lazy\" decoding=\"async\" width=\"696\" height=\"392\" src=\"https:\/\/canal5.md\/wp-content\/uploads\/2025\/03\/0d5876fe58a67c9a506fb168222d1147-1024x576-optimized.jpg\" class=\"attachment-large size-large wp-post-image\" alt=\"\" srcset=\"https:\/\/canal5.md\/wp-content\/uploads\/2025\/03\/0d5876fe58a67c9a506fb168222d1147-1024x576-optimized.jpg 1024w, https:\/\/canal5.md\/wp-content\/uploads\/2025\/03\/0d5876fe58a67c9a506fb168222d1147-300x169-optimized.jpg 300w, https:\/\/canal5.md\/wp-content\/uploads\/2025\/03\/0d5876fe58a67c9a506fb168222d1147-768x432-optimized.jpg 768w, https:\/\/canal5.md\/wp-content\/uploads\/2025\/03\/0d5876fe58a67c9a506fb168222d1147-696x392-optimized.jpg 696w, https:\/\/canal5.md\/wp-content\/uploads\/2025\/03\/0d5876fe58a67c9a506fb168222d1147-1068x601-optimized.jpg 1068w, https:\/\/canal5.md\/wp-content\/uploads\/2025\/03\/0d5876fe58a67c9a506fb168222d1147-optimized.jpg 1200w\">Guvernul a aprobat un proiect de lege care scute\u0219te victimele violen\u021bei \u00een familie de plata taxei de stat \u0219i a taxei de timbru \u00een procesele de partajare a averii \u0219i alte litigii patrimoniale. Proiectul, ini\u021biat de Ministerul Justi\u021biei, vizeaz\u0103 implementarea deciziei Cur\u021bii Constitu\u021bionale \u0219i asigurarea unui acces egal la justi\u021bie pentru to\u021bi cet\u0103\u021benii. De asemenea, [\u2026]<\/div>\n","protected":false},"author":1,"featured_media":69422,"comment_status":"closed","ping_status":"closed","sticky":false,"template":"","format":"standard","meta":{"jnews-multi-image_gallery":[],"jnews_single_post":[],"jnews_primary_category":[],"jnews_social_meta":[],"jnews_override_counter":[],"footnotes":""},"categories":[30],"tags":[],"class_list":["post-69421","post","type-post","status-publish","format-standard","has-post-thumbnail","hentry","category-social_ro"],"_links":{"self":[{"href":"https:\/\/orheifm.live\/index.php\/wp-json\/wp\/v2\/posts\/69421","targetHints":{"allow":["GET"]}}],"collection":[{"href":"https:\/\/orheifm.live\/index.php\/wp-json\/wp\/v2\/posts"}],"about":[{"href":"https:\/\/orheifm.live\/index.php\/wp-json\/wp\/v2\/types\/post"}],"author":[{"embeddable":true,"href":"https:\/\/orheifm.live\/index.php\/wp-json\/wp\/v2\/users\/1"}],"replies":[{"embeddable":true,"href":"https:\/\/orheifm.live\/index.php\/wp-json\/wp\/v2\/comments?post=69421"}],"version-history":[{"count":0,"href":"https:\/\/orheifm.live\/index.php\/wp-json\/wp\/v2\/posts\/69421\/revisions"}],"wp:featuredmedia":[{"embeddable":true,"href":"https:\/\/orheifm.live\/index.php\/wp-json\/wp\/v2\/media\/69422"}],"wp:attachment":[{"href":"https:\/\/orheifm.live\/index.php\/wp-json\/wp\/v2\/media?parent=69421"}],"wp:term":[{"taxonomy":"category","embeddable":true,"href":"https:\/\/orheifm.live\/index.php\/wp-json\/wp\/v2\/categories?post=69421"},{"taxonomy":"post_tag","embeddable":true,"href":"https:\/\/orheifm.live\/index.php\/wp-json\/wp\/v2\/tags?post=69421"}],"curies":[{"name":"wp","href":"https:\/\/api.w.org\/{rel}","templated":true}]}}