{"id":69415,"date":"2025-03-20T12:20:59","date_gmt":"2025-03-20T10:20:59","guid":{"rendered":"https:\/\/orheifm.live\/index.php\/2025\/03\/20\/deseuri-risca-sa-ajunga-in-raul-botna-avertizeaza-primarul-din-rusestii-noi\/"},"modified":"2025-03-20T12:20:59","modified_gmt":"2025-03-20T10:20:59","slug":"deseuri-risca-sa-ajunga-in-raul-botna-avertizeaza-primarul-din-rusestii-noi","status":"publish","type":"post","link":"https:\/\/orheifm.live\/index.php\/2025\/03\/20\/deseuri-risca-sa-ajunga-in-raul-botna-avertizeaza-primarul-din-rusestii-noi\/","title":{"rendered":"De\u0219euri risc\u0103 s\u0103 ajung\u0103 \u00een r\u00e2ul Botna, avertizeaz\u0103 primarul din Ruse\u0219tii Noi"},"content":{"rendered":"<div>\n<p><strong>Tone de de\u0219euri risc\u0103 s\u0103 ajung\u0103 \u00een r\u00e2ul Botna, avertizeaz\u0103 primarul satului Ruse\u0219tii Noi din raionul Ialoveni. Valentina Me\u0219in\u0103, edilul localit\u0103\u021bii, sus\u021bine c\u0103 gunoaiele au ajuns \u00eentr-un afluent al r\u00e2ului \u0219i pe terenurile agricole din zon\u0103 din cauza ploilor abundente din toamna anului trecut.<\/strong><\/p>\n<p>\u201eNu este vorba despre o gunoi\u0219te sau o platform\u0103 neregulamentar\u0103, ci despre consecin\u021bele inunda\u021biilor din toamna trecut\u0103. De la locul \u00een care m\u0103 aflu p\u00e2n\u0103 la r\u00e2ul Botna sunt doar doi kilometri, iar acest afluent se vars\u0103 direct \u00een r\u00e2ul Botna, aduc\u00e2nd cu sine de\u0219eurile\u201d, a declarat primarul, conform newtv.md.<\/p>\n<p>\u00cen urma acestei situa\u021bii, Guvernul a intervenit \u0219i a alocat dou\u0103 milioane de lei pentru rezolvarea problemei. \u201eNu este un favor, ci o necesitate, a\u0219a cum se vede. Fondurile vor fi folosite pentru cur\u0103\u021barea zonei afectate \u0219i pentru refacerea unei por\u021biuni de drum din intravilanul comunei Ruse\u0219tii Noi\u201d, a ad\u0103ugat Valentina Me\u0219in\u0103.<\/p>\n<\/div>\n","protected":false},"excerpt":{"rendered":"<div><img loading=\"lazy\" decoding=\"async\" width=\"507\" height=\"540\" src=\"https:\/\/canal5.md\/wp-content\/uploads\/2025\/03\/snimok-ekrana_20-3-2025_111935_point.md_-optimized.jpeg\" class=\"attachment-large size-large wp-post-image\" alt=\"\" srcset=\"https:\/\/canal5.md\/wp-content\/uploads\/2025\/03\/snimok-ekrana_20-3-2025_111935_point.md_-optimized.jpeg 507w, https:\/\/canal5.md\/wp-content\/uploads\/2025\/03\/snimok-ekrana_20-3-2025_111935_point.md_-282x300-optimized.jpeg 282w\">Tone de de\u0219euri risc\u0103 s\u0103 ajung\u0103 \u00een r\u00e2ul Botna, avertizeaz\u0103 primarul satului Ruse\u0219tii Noi din raionul Ialoveni. Valentina Me\u0219in\u0103, edilul localit\u0103\u021bii, sus\u021bine c\u0103 gunoaiele au ajuns \u00eentr-un afluent al r\u00e2ului \u0219i pe terenurile agricole din zon\u0103 din cauza ploilor abundente din toamna anului trecut. \u201eNu este vorba despre o gunoi\u0219te sau o platform\u0103 neregulamentar\u0103, ci [\u2026]<\/div>\n","protected":false},"author":1,"featured_media":69416,"comment_status":"closed","ping_status":"closed","sticky":false,"template":"","format":"standard","meta":{"jnews-multi-image_gallery":[],"jnews_single_post":[],"jnews_primary_category":[],"jnews_social_meta":[],"jnews_override_counter":[],"footnotes":""},"categories":[30],"tags":[],"class_list":["post-69415","post","type-post","status-publish","format-standard","has-post-thumbnail","hentry","category-social_ro"],"_links":{"self":[{"href":"https:\/\/orheifm.live\/index.php\/wp-json\/wp\/v2\/posts\/69415","targetHints":{"allow":["GET"]}}],"collection":[{"href":"https:\/\/orheifm.live\/index.php\/wp-json\/wp\/v2\/posts"}],"about":[{"href":"https:\/\/orheifm.live\/index.php\/wp-json\/wp\/v2\/types\/post"}],"author":[{"embeddable":true,"href":"https:\/\/orheifm.live\/index.php\/wp-json\/wp\/v2\/users\/1"}],"replies":[{"embeddable":true,"href":"https:\/\/orheifm.live\/index.php\/wp-json\/wp\/v2\/comments?post=69415"}],"version-history":[{"count":0,"href":"https:\/\/orheifm.live\/index.php\/wp-json\/wp\/v2\/posts\/69415\/revisions"}],"wp:featuredmedia":[{"embeddable":true,"href":"https:\/\/orheifm.live\/index.php\/wp-json\/wp\/v2\/media\/69416"}],"wp:attachment":[{"href":"https:\/\/orheifm.live\/index.php\/wp-json\/wp\/v2\/media?parent=69415"}],"wp:term":[{"taxonomy":"category","embeddable":true,"href":"https:\/\/orheifm.live\/index.php\/wp-json\/wp\/v2\/categories?post=69415"},{"taxonomy":"post_tag","embeddable":true,"href":"https:\/\/orheifm.live\/index.php\/wp-json\/wp\/v2\/tags?post=69415"}],"curies":[{"name":"wp","href":"https:\/\/api.w.org\/{rel}","templated":true}]}}