{"id":69413,"date":"2025-03-20T12:00:14","date_gmt":"2025-03-20T10:00:14","guid":{"rendered":"https:\/\/orheifm.live\/index.php\/2025\/03\/20\/doua-incendii-izbucnite-in-chisinau-pe-20-martie-2025-fara-victime\/"},"modified":"2025-03-20T12:00:14","modified_gmt":"2025-03-20T10:00:14","slug":"doua-incendii-izbucnite-in-chisinau-pe-20-martie-2025-fara-victime","status":"publish","type":"post","link":"https:\/\/orheifm.live\/index.php\/2025\/03\/20\/doua-incendii-izbucnite-in-chisinau-pe-20-martie-2025-fara-victime\/","title":{"rendered":"Dou\u0103 incendii izbucnite \u00een Chi\u0219in\u0103u pe 20 martie 2025, f\u0103r\u0103 victime"},"content":{"rendered":"<div>\n<p><strong>Primul incendiu a fost raportat pe 20 martie 2025, la ora 07:09, pe strada Timi\u0219 din Chi\u0219in\u0103u, \u00eentr-o cas\u0103 p\u0103r\u0103sit\u0103. Focul a cuprins mai multe bunuri vechi din interiorul locuin\u021bei \u0219i acoperi\u0219ul, cu o suprafa\u021b\u0103 de 48 m\u00b2. Dou\u0103 echipe de pompieri au intervenit \u0219i au lichidat incendiul la ora 08:37. Nu au fost victime.<\/strong><\/p>\n<p>Un alt incendiu a avut loc pe strada Iazului nr.1\/1, la ora 08:46, \u00eentr-un bloc de locuin\u021be. Pompierii au ajuns la fa\u021ba locului \u0219i au stins fl\u0103c\u0103rile care cuprinseser\u0103 mai multe bunuri din apartament. O persoan\u0103 a fost evacuat\u0103 din locuin\u021ba afectat\u0103 de incendiu. Arderea a fost localizat\u0103 la ora 08:54 \u0219i lichidat\u0103 complet la 09:16, f\u0103r\u0103 victime.<\/p>\n<p>De asemenea, pompierii din sudul \u021b\u0103rii au intervenit pentru a stinge un incendiu de vegeta\u021bie \u00een zona Lunca Prutului. Conform IGSU, \u00een 2025 au avut loc 457 incendii, soldate cu 44 de decese. Cauzele \u0219i circumstan\u021bele incendiilor sunt \u00eenc\u0103 \u00een investigare.<\/p>\n<\/div>\n","protected":false},"excerpt":{"rendered":"<div><img loading=\"lazy\" decoding=\"async\" width=\"696\" height=\"458\" src=\"https:\/\/canal5.md\/wp-content\/uploads\/2025\/03\/804428-optimized.webp\" class=\"attachment-large size-large wp-post-image\" alt=\"\" srcset=\"https:\/\/canal5.md\/wp-content\/uploads\/2025\/03\/804428-optimized.webp 760w, https:\/\/canal5.md\/wp-content\/uploads\/2025\/03\/804428-300x197-optimized.webp 300w, https:\/\/canal5.md\/wp-content\/uploads\/2025\/03\/804428-696x458-optimized.webp 696w\">Primul incendiu a fost raportat pe 20 martie 2025, la ora 07:09, pe strada Timi\u0219 din Chi\u0219in\u0103u, \u00eentr-o cas\u0103 p\u0103r\u0103sit\u0103. Focul a cuprins mai multe bunuri vechi din interiorul locuin\u021bei \u0219i acoperi\u0219ul, cu o suprafa\u021b\u0103 de 48 m\u00b2. Dou\u0103 echipe de pompieri au intervenit \u0219i au lichidat incendiul la ora 08:37. Nu au fost victime. [\u2026]<\/div>\n","protected":false},"author":1,"featured_media":69414,"comment_status":"closed","ping_status":"closed","sticky":false,"template":"","format":"standard","meta":{"jnews-multi-image_gallery":[],"jnews_single_post":[],"jnews_primary_category":[],"jnews_social_meta":[],"jnews_override_counter":[],"footnotes":""},"categories":[30],"tags":[],"class_list":["post-69413","post","type-post","status-publish","format-standard","has-post-thumbnail","hentry","category-social_ro"],"_links":{"self":[{"href":"https:\/\/orheifm.live\/index.php\/wp-json\/wp\/v2\/posts\/69413","targetHints":{"allow":["GET"]}}],"collection":[{"href":"https:\/\/orheifm.live\/index.php\/wp-json\/wp\/v2\/posts"}],"about":[{"href":"https:\/\/orheifm.live\/index.php\/wp-json\/wp\/v2\/types\/post"}],"author":[{"embeddable":true,"href":"https:\/\/orheifm.live\/index.php\/wp-json\/wp\/v2\/users\/1"}],"replies":[{"embeddable":true,"href":"https:\/\/orheifm.live\/index.php\/wp-json\/wp\/v2\/comments?post=69413"}],"version-history":[{"count":0,"href":"https:\/\/orheifm.live\/index.php\/wp-json\/wp\/v2\/posts\/69413\/revisions"}],"wp:featuredmedia":[{"embeddable":true,"href":"https:\/\/orheifm.live\/index.php\/wp-json\/wp\/v2\/media\/69414"}],"wp:attachment":[{"href":"https:\/\/orheifm.live\/index.php\/wp-json\/wp\/v2\/media?parent=69413"}],"wp:term":[{"taxonomy":"category","embeddable":true,"href":"https:\/\/orheifm.live\/index.php\/wp-json\/wp\/v2\/categories?post=69413"},{"taxonomy":"post_tag","embeddable":true,"href":"https:\/\/orheifm.live\/index.php\/wp-json\/wp\/v2\/tags?post=69413"}],"curies":[{"name":"wp","href":"https:\/\/api.w.org\/{rel}","templated":true}]}}